{"id":50818,"date":"2021-02-10T16:33:04","date_gmt":"2021-02-10T15:33:04","guid":{"rendered":"https:\/\/carnavaldemiguelturra.es\/presentation-program-2021\/"},"modified":"2025-08-12T14:50:43","modified_gmt":"2025-08-12T12:50:43","slug":"presentacion-programa-2021","status":"publish","type":"post","link":"https:\/\/carnavaldemiguelturra.es\/en\/presentacion-programa-2021\/","title":{"rendered":"Presentation Carnival Program 2021"},"content":{"rendered":"\n<style type=\"text\/css\" data-created_by=\"avia_inline_auto\" id=\"style-css-av-35pac89-f4e05103161385fc8317d50f228fa824\">\n.flex_column.av-35pac89-f4e05103161385fc8317d50f228fa824{\nborder-radius:0px 0px 0px 0px;\npadding:0px 2% 0px 0px;\n}\n<\/style>\n<div  class='flex_column av-35pac89-f4e05103161385fc8317d50f228fa824 av_one_fifth  avia-builder-el-0  el_before_av_four_fifth  avia-builder-el-first  first no_margin flex_column_div  '     ><style type=\"text\/css\" data-created_by=\"avia_inline_auto\" id=\"style-css-av-lc692ubc-089b56cad9ae6e6b9ec6a04ee28c41b5\">\n.avia-image-container.av-lc692ubc-089b56cad9ae6e6b9ec6a04ee28c41b5 img.avia_image{\nbox-shadow:none;\n}\n.avia-image-container.av-lc692ubc-089b56cad9ae6e6b9ec6a04ee28c41b5 .av-image-caption-overlay-center{\ncolor:#ffffff;\n}\n<\/style>\n<div  class='avia-image-container av-lc692ubc-089b56cad9ae6e6b9ec6a04ee28c41b5 av-styling- av-img-linked avia-align-center  avia-builder-el-1  avia-builder-el-no-sibling '   itemprop=\"image\" itemscope=\"itemscope\" itemtype=\"https:\/\/schema.org\/ImageObject\" ><div class=\"avia-image-container-inner\"><div class=\"avia-image-overlay-wrap\"><a href=\"https:\/\/carnavaldemiguelturra.es\/wp-content\/uploads\/2021\/02\/carnaval-miguelturra-presentacion-programa-2021-001.jpg\" class='avia_image '  aria-label='Presentation of the Carnival Program 2021'><img decoding=\"async\" fetchpriority=\"high\" class='wp-image-50542 avia-img-lazy-loading-not-50542 avia_image ' src=\"https:\/\/carnavaldemiguelturra.es\/wp-content\/uploads\/2021\/02\/carnaval-miguelturra-presentacion-programa-2021-001.jpg\" alt='carnival-miguelturra-presentation-program-2021' title='Presentation of the Carnival Program 2021'  height=\"533\" width=\"800\"  itemprop=\"thumbnailUrl\"  \/><\/a><\/div><\/div><\/div><\/div>\n<style type=\"text\/css\" data-created_by=\"avia_inline_auto\" id=\"style-css-av-2g5wrvt-9cbf8c7912280f8c0673a7fb2ac3b648\">\n.flex_column.av-2g5wrvt-9cbf8c7912280f8c0673a7fb2ac3b648{\nborder-radius:0px 0px 0px 0px;\npadding:0 0 0 0;\n}\n<\/style>\n<div  class='flex_column av-2g5wrvt-9cbf8c7912280f8c0673a7fb2ac3b648 av_four_fifth  avia-builder-el-2  el_after_av_one_fifth  el_before_av_one_fifth  no_margin flex_column_div av-zero-column-padding  '     ><section  class='av_textblock_section av-lc691bo9-b00f15f70476752a57bea3eed1bf9aa0 '   itemscope=\"itemscope\" itemtype=\"https:\/\/schema.org\/BlogPosting\" itemprop=\"blogPost\" ><div class='avia_textblock blockquote'  itemprop=\"text\" ><p style=\"font-size: 1.235em; line-height: 1.5em; border-left-style: solid; border-left-width: 7px; margin-bottom: 1em; margin-right: 1em; padding-left: 20px; border-color: #719430;\">Presentation Carnival Program 2021<\/p>\n<\/div><\/section><br \/>\n<section  class='av_textblock_section av-lc690zjg-c5e13b24f80b5b54a91a3b62c20cc78e '   itemscope=\"itemscope\" itemtype=\"https:\/\/schema.org\/BlogPosting\" itemprop=\"blogPost\" ><div class='avia_textblock'  itemprop=\"text\" ><h3>This year the Miguelturra Carnival must be different, it does not play a party, nor a fuss, what it does is responsibility<\/h3>\n<\/div><\/section><br \/>\n<section  class='av_textblock_section av-lc690r3a-6aa54d832c6dea4cf1288c8cc9abc540 '   itemscope=\"itemscope\" itemtype=\"https:\/\/schema.org\/BlogPosting\" itemprop=\"blogPost\" ><div class='avia_textblock'  itemprop=\"text\" ><p style=\"text-align: justify;\">Serious faces in the presentation of the Miguelturra Carnival 2021, the &#8216;Momo&#8217; Carnival museum has been the chosen setting. <\/p>\n<p style=\"text-align: justify;\">Both the mayoress of the town Laura Arriaga, as the councilor for celebrations Diego Rodr\u00edguez, the King of Carnival Seraf\u00edn Delgado, the president of the Pe\u00f1as Association Ra\u00fal Dom\u00ednguez, major masks of 2020, M\u00aa Carmen C\u00e9spedes and Manuel Gonz\u00e1lez, have conveyed the need to be responsible for the situation we are experiencing, for the first time there will be a carnival very different from the one we know, we must stay at home because there is nothing to celebrate and wait for this situation to pass to resurface in 2022 like never before.<\/p>\n<p style=\"text-align: justify;\">Laura Arriaga in her speech has asked that this carnival be historic, but out of responsibility. The authorities of our carnival have spoken along the same lines, requesting citizens to stay at home and avoid unnecessary contagion.<\/p>\n<p style=\"text-align: justify;\">Diego Rodr\u00edguez, councilor for festivities, has described the few activities that this carnival will have. Work will continue on our carnival brand &#8216;Get to know me&#8217;, there will be a window contest, the carnival walls project with its three urban art murals, there will also be a &#8216;La Churriega&#8217; mask race, but it will be in educational centers as safe spaces in the face of COVID-19, our Miguelturra Long Distance Runners will be missed and finally, a video contest through the TikTok social network.<\/p>\n<p style=\"text-align: justify;\">On the other hand, in the Plaza del Pradillo de Claver\u00eda the second of the urban art murals has begun.<\/p>\nngg_shortcode_0_placeholder\n<\/div><\/section><\/p><\/div><div  class='flex_column av-22v3z6x-53169396d473a9227f78dcd2ab184220 av_one_fifth  avia-builder-el-6  el_after_av_four_fifth  el_before_av_four_fifth  first flex_column_div  '     ><\/div><\/p>\n<div  class='flex_column av-1qgzvm1-119fa2b3d6b7938fd424a8e8284dc8be av_four_fifth  avia-builder-el-7  el_after_av_one_fifth  avia-builder-el-last  flex_column_div  '     ><p>\n<style type=\"text\/css\" data-created_by=\"avia_inline_auto\" id=\"style-css-av-12p59ih-f7cf2a414f1a275d80aa5427344f9cf1\">\n#top .hr.av-12p59ih-f7cf2a414f1a275d80aa5427344f9cf1{\nmargin-top:15px;\nmargin-bottom:15px;\n}\n.hr.av-12p59ih-f7cf2a414f1a275d80aa5427344f9cf1 .hr-inner{\nwidth:50px;\n}\n<\/style>\n<div  class='hr av-12p59ih-f7cf2a414f1a275d80aa5427344f9cf1 hr-custom  avia-builder-el-8  el_before_av_social_share  avia-builder-el-first  hr-center hr-icon-no'><span class='hr-inner inner-border-av-border-none'><span class=\"hr-inner-style\"><\/span><\/span><\/div><br \/>\n<div  class='av-social-sharing-box av-jotmsp-23b0758a111862f1e88a3178df4782a5 av-social-sharing-box-default  avia-builder-el-9  el_after_av_hr  avia-builder-el-last  av-social-sharing-box-fullwidth'><div class=\"av-share-box\"><h5 class='av-share-link-description av-no-toc '>Share this post<\/h5><ul class=\"av-share-box-list noLightbox\"><li class='av-share-link av-social-link-facebook avia_social_iconfont' ><a target=\"_blank\" aria-label=\"Share on Facebook\" href='https:\/\/www.facebook.com\/sharer.php?u=https:\/\/carnavaldemiguelturra.es\/en\/presentacion-programa-2021\/&#038;t=Presentation%20Carnival%20Program%202021' data-av_icon='\ue8f3' data-av_iconfont='entypo-fontello'  title='' data-avia-related-tooltip='Share on Facebook'><span class='avia_hidden_link_text'>Share on Facebook<\/span><\/a><\/li><li class='av-share-link av-social-link-square-x-twitter avia_social_iconfont' ><a target=\"_blank\" aria-label=\"Share on X\" href='https:\/\/twitter.com\/share?text=Presentation%20Carnival%20Program%202021&#038;url=https:\/\/carnavaldemiguelturra.es\/en\/?p=50818' data-av_icon='\ue933' data-av_iconfont='entypo-fontello'  title='' data-avia-related-tooltip='Share on X'><span class='avia_hidden_link_text'>Share on X<\/span><\/a><\/li><li class='av-share-link av-social-link-whatsapp avia_social_iconfont' ><a target=\"_blank\" aria-label=\"Share on WhatsApp\" href='https:\/\/api.whatsapp.com\/send?text=https:\/\/carnavaldemiguelturra.es\/en\/presentacion-programa-2021\/' data-av_icon='\uf232' data-av_iconfont='entypo-fontello'  title='' data-avia-related-tooltip='Share on WhatsApp'><span class='avia_hidden_link_text'>Share on WhatsApp<\/span><\/a><\/li><\/ul><\/div><\/div><\/p><\/div>\n","protected":false},"excerpt":{"rendered":"<p>This year the Miguelturra Carnival must be different, it is not about partying, or fuss, what it is about is responsibility.<\/p>\n","protected":false},"author":2,"featured_media":50542,"comment_status":"closed","ping_status":"open","sticky":false,"template":"","format":"quote","meta":{"ngg_post_thumbnail":0,"footnotes":""},"categories":[109],"tags":[155,156],"class_list":["post-50818","post","type-post","status-publish","format-quote","has-post-thumbnail","hentry","category-noticias-en","tag-carnival","tag-miguelturra-en","post_format-post-format-quote"],"yoast_head":"<!-- This site is optimized with the Yoast SEO plugin v27.3 - https:\/\/yoast.com\/product\/yoast-seo-wordpress\/ -->\n<title>Presentation Carnival Program 2021 | Carnival of Miguelturra<\/title>\n<meta name=\"description\" content=\"This year, 2021, the Miguelturra Carnival must be different. It&#039;s not about partying or fussing, it&#039;s about responsibility.\" \/>\n<meta name=\"robots\" content=\"index, follow, max-snippet:-1, max-image-preview:large, max-video-preview:-1\" \/>\n<link rel=\"canonical\" href=\"https:\/\/carnavaldemiguelturra.es\/en\/presentacion-programa-2021\/\" \/>\n<meta property=\"og:locale\" content=\"en_US\" \/>\n<meta property=\"og:type\" content=\"article\" \/>\n<meta property=\"og:title\" content=\"Presentation Carnival Program 2021 | Carnival of Miguelturra\" \/>\n<meta property=\"og:description\" content=\"This year, 2021, the Miguelturra Carnival must be different. It&#039;s not about partying or fussing, it&#039;s about responsibility.\" \/>\n<meta property=\"og:url\" content=\"https:\/\/carnavaldemiguelturra.es\/en\/presentacion-programa-2021\/\" \/>\n<meta property=\"og:site_name\" content=\"Carnival of Miguelturra\" \/>\n<meta property=\"article:publisher\" content=\"https:\/\/www.facebook.com\/carnavaldemiguelturra\/\" \/>\n<meta property=\"article:author\" content=\"https:\/\/www.facebook.com\/berna.martinezromero\" \/>\n<meta property=\"article:published_time\" content=\"2021-02-10T15:33:04+00:00\" \/>\n<meta property=\"article:modified_time\" content=\"2025-08-12T12:50:43+00:00\" \/>\n<meta property=\"og:image\" content=\"https:\/\/carnavaldemiguelturra.es\/wp-content\/uploads\/2021\/02\/carnaval-miguelturra-presentacion-programa-2021-001.jpg\" \/>\n\t<meta property=\"og:image:width\" content=\"800\" \/>\n\t<meta property=\"og:image:height\" content=\"533\" \/>\n\t<meta property=\"og:image:type\" content=\"image\/jpeg\" \/>\n<meta name=\"author\" content=\"Berna Mart\u00ednez Romero\" \/>\n<meta name=\"twitter:card\" content=\"summary_large_image\" \/>\n<meta name=\"twitter:label1\" content=\"Written by\" \/>\n\t<meta name=\"twitter:data1\" content=\"Berna Mart\u00ednez Romero\" \/>\n\t<meta name=\"twitter:label2\" content=\"Est. reading time\" \/>\n\t<meta name=\"twitter:data2\" content=\"10 minutes\" \/>\n<script type=\"application\/ld+json\" class=\"yoast-schema-graph\">{\"@context\":\"https:\\\/\\\/schema.org\",\"@graph\":[{\"@type\":\"NewsArticle\",\"@id\":\"https:\\\/\\\/carnavaldemiguelturra.es\\\/en\\\/presentacion-programa-2021\\\/#article\",\"isPartOf\":{\"@id\":\"https:\\\/\\\/carnavaldemiguelturra.es\\\/en\\\/presentacion-programa-2021\\\/\"},\"author\":{\"name\":\"Berna Mart\u00ednez Romero\",\"@id\":\"https:\\\/\\\/carnavaldemiguelturra.es\\\/en\\\/#\\\/schema\\\/person\\\/2c5684c732847b779f19c55d751d211b\"},\"headline\":\"Presentation Carnival Program 2021\",\"datePublished\":\"2021-02-10T15:33:04+00:00\",\"dateModified\":\"2025-08-12T12:50:43+00:00\",\"mainEntityOfPage\":{\"@id\":\"https:\\\/\\\/carnavaldemiguelturra.es\\\/en\\\/presentacion-programa-2021\\\/\"},\"wordCount\":1575,\"publisher\":{\"@id\":\"https:\\\/\\\/carnavaldemiguelturra.es\\\/en\\\/#organization\"},\"image\":{\"@id\":\"https:\\\/\\\/carnavaldemiguelturra.es\\\/en\\\/presentacion-programa-2021\\\/#primaryimage\"},\"thumbnailUrl\":\"https:\\\/\\\/carnavaldemiguelturra.es\\\/wp-content\\\/uploads\\\/2021\\\/02\\\/carnaval-miguelturra-presentacion-programa-2021-001.jpg\",\"keywords\":[\"Carnival\",\"Miguelturra\"],\"articleSection\":[\"News\"],\"inLanguage\":\"en-US\"},{\"@type\":[\"WebPage\",\"ItemPage\"],\"@id\":\"https:\\\/\\\/carnavaldemiguelturra.es\\\/en\\\/presentacion-programa-2021\\\/\",\"url\":\"https:\\\/\\\/carnavaldemiguelturra.es\\\/en\\\/presentacion-programa-2021\\\/\",\"name\":\"Presentation Carnival Program 2021 | Carnival of Miguelturra\",\"isPartOf\":{\"@id\":\"https:\\\/\\\/carnavaldemiguelturra.es\\\/en\\\/#website\"},\"primaryImageOfPage\":{\"@id\":\"https:\\\/\\\/carnavaldemiguelturra.es\\\/en\\\/presentacion-programa-2021\\\/#primaryimage\"},\"image\":{\"@id\":\"https:\\\/\\\/carnavaldemiguelturra.es\\\/en\\\/presentacion-programa-2021\\\/#primaryimage\"},\"thumbnailUrl\":\"https:\\\/\\\/carnavaldemiguelturra.es\\\/wp-content\\\/uploads\\\/2021\\\/02\\\/carnaval-miguelturra-presentacion-programa-2021-001.jpg\",\"datePublished\":\"2021-02-10T15:33:04+00:00\",\"dateModified\":\"2025-08-12T12:50:43+00:00\",\"description\":\"This year, 2021, the Miguelturra Carnival must be different. It's not about partying or fussing, it's about responsibility.\",\"breadcrumb\":{\"@id\":\"https:\\\/\\\/carnavaldemiguelturra.es\\\/en\\\/presentacion-programa-2021\\\/#breadcrumb\"},\"inLanguage\":\"en-US\",\"potentialAction\":[{\"@type\":\"ReadAction\",\"target\":[\"https:\\\/\\\/carnavaldemiguelturra.es\\\/en\\\/presentacion-programa-2021\\\/\"]}]},{\"@type\":\"ImageObject\",\"inLanguage\":\"en-US\",\"@id\":\"https:\\\/\\\/carnavaldemiguelturra.es\\\/en\\\/presentacion-programa-2021\\\/#primaryimage\",\"url\":\"https:\\\/\\\/carnavaldemiguelturra.es\\\/wp-content\\\/uploads\\\/2021\\\/02\\\/carnaval-miguelturra-presentacion-programa-2021-001.jpg\",\"contentUrl\":\"https:\\\/\\\/carnavaldemiguelturra.es\\\/wp-content\\\/uploads\\\/2021\\\/02\\\/carnaval-miguelturra-presentacion-programa-2021-001.jpg\",\"width\":800,\"height\":533,\"caption\":\"carnival-miguelturra-presentation-program-2021\"},{\"@type\":\"BreadcrumbList\",\"@id\":\"https:\\\/\\\/carnavaldemiguelturra.es\\\/en\\\/presentacion-programa-2021\\\/#breadcrumb\",\"itemListElement\":[{\"@type\":\"ListItem\",\"position\":1,\"name\":\"Cover\",\"item\":\"https:\\\/\\\/carnavaldemiguelturra.es\\\/en\\\/inicio\\\/\"},{\"@type\":\"ListItem\",\"position\":2,\"name\":\"Presentation Carnival Program 2021\"}]},{\"@type\":\"WebSite\",\"@id\":\"https:\\\/\\\/carnavaldemiguelturra.es\\\/en\\\/#website\",\"url\":\"https:\\\/\\\/carnavaldemiguelturra.es\\\/en\\\/\",\"name\":\"Carnaval de Miguelturra\",\"description\":\"History of Miguelturra Carnival\",\"publisher\":{\"@id\":\"https:\\\/\\\/carnavaldemiguelturra.es\\\/en\\\/#organization\"},\"potentialAction\":[{\"@type\":\"SearchAction\",\"target\":{\"@type\":\"EntryPoint\",\"urlTemplate\":\"https:\\\/\\\/carnavaldemiguelturra.es\\\/en\\\/?s={search_term_string}\"},\"query-input\":{\"@type\":\"PropertyValueSpecification\",\"valueRequired\":true,\"valueName\":\"search_term_string\"}}],\"inLanguage\":\"en-US\"},{\"@type\":\"Organization\",\"@id\":\"https:\\\/\\\/carnavaldemiguelturra.es\\\/en\\\/#organization\",\"name\":\"carnivaldemiguelturra.es Association\",\"url\":\"https:\\\/\\\/carnavaldemiguelturra.es\\\/en\\\/\",\"logo\":{\"@type\":\"ImageObject\",\"inLanguage\":\"en-US\",\"@id\":\"https:\\\/\\\/carnavaldemiguelturra.es\\\/en\\\/#\\\/schema\\\/logo\\\/image\\\/\",\"url\":\"https:\\\/\\\/carnavaldemiguelturra.es\\\/wp-content\\\/uploads\\\/2018\\\/08\\\/logo-grande.jpg\",\"contentUrl\":\"https:\\\/\\\/carnavaldemiguelturra.es\\\/wp-content\\\/uploads\\\/2018\\\/08\\\/logo-grande.jpg\",\"width\":800,\"height\":600,\"caption\":\"carnivaldemiguelturra.es Association\"},\"image\":{\"@id\":\"https:\\\/\\\/carnavaldemiguelturra.es\\\/en\\\/#\\\/schema\\\/logo\\\/image\\\/\"},\"sameAs\":[\"https:\\\/\\\/www.facebook.com\\\/carnavaldemiguelturra\\\/\",\"https:\\\/\\\/www.instagram.com\\\/carnavaldemiguelturra\\\/\"]},{\"@type\":\"Person\",\"@id\":\"https:\\\/\\\/carnavaldemiguelturra.es\\\/en\\\/#\\\/schema\\\/person\\\/2c5684c732847b779f19c55d751d211b\",\"name\":\"Berna Mart\u00ednez Romero\",\"sameAs\":[\"https:\\\/\\\/www.facebook.com\\\/berna.martinezromero\"],\"url\":\"https:\\\/\\\/carnavaldemiguelturra.es\\\/en\\\/author\\\/berna\\\/\"}]}<\/script>\n<!-- \/ Yoast SEO plugin. -->","yoast_head_json":{"title":"Presentation Carnival Program 2021 | Carnival of Miguelturra","description":"This year, 2021, the Miguelturra Carnival must be different. It's not about partying or fussing, it's about responsibility.","robots":{"index":"index","follow":"follow","max-snippet":"max-snippet:-1","max-image-preview":"max-image-preview:large","max-video-preview":"max-video-preview:-1"},"canonical":"https:\/\/carnavaldemiguelturra.es\/en\/presentacion-programa-2021\/","og_locale":"en_US","og_type":"article","og_title":"Presentation Carnival Program 2021 | Carnival of Miguelturra","og_description":"This year, 2021, the Miguelturra Carnival must be different. It's not about partying or fussing, it's about responsibility.","og_url":"https:\/\/carnavaldemiguelturra.es\/en\/presentacion-programa-2021\/","og_site_name":"Carnival of Miguelturra","article_publisher":"https:\/\/www.facebook.com\/carnavaldemiguelturra\/","article_author":"https:\/\/www.facebook.com\/berna.martinezromero","article_published_time":"2021-02-10T15:33:04+00:00","article_modified_time":"2025-08-12T12:50:43+00:00","og_image":[{"width":800,"height":533,"url":"https:\/\/carnavaldemiguelturra.es\/wp-content\/uploads\/2021\/02\/carnaval-miguelturra-presentacion-programa-2021-001.jpg","type":"image\/jpeg"}],"author":"Berna Mart\u00ednez Romero","twitter_card":"summary_large_image","twitter_misc":{"Written by":"Berna Mart\u00ednez Romero","Est. reading time":"10 minutes"},"schema":{"@context":"https:\/\/schema.org","@graph":[{"@type":"NewsArticle","@id":"https:\/\/carnavaldemiguelturra.es\/en\/presentacion-programa-2021\/#article","isPartOf":{"@id":"https:\/\/carnavaldemiguelturra.es\/en\/presentacion-programa-2021\/"},"author":{"name":"Berna Mart\u00ednez Romero","@id":"https:\/\/carnavaldemiguelturra.es\/en\/#\/schema\/person\/2c5684c732847b779f19c55d751d211b"},"headline":"Presentation Carnival Program 2021","datePublished":"2021-02-10T15:33:04+00:00","dateModified":"2025-08-12T12:50:43+00:00","mainEntityOfPage":{"@id":"https:\/\/carnavaldemiguelturra.es\/en\/presentacion-programa-2021\/"},"wordCount":1575,"publisher":{"@id":"https:\/\/carnavaldemiguelturra.es\/en\/#organization"},"image":{"@id":"https:\/\/carnavaldemiguelturra.es\/en\/presentacion-programa-2021\/#primaryimage"},"thumbnailUrl":"https:\/\/carnavaldemiguelturra.es\/wp-content\/uploads\/2021\/02\/carnaval-miguelturra-presentacion-programa-2021-001.jpg","keywords":["Carnival","Miguelturra"],"articleSection":["News"],"inLanguage":"en-US"},{"@type":["WebPage","ItemPage"],"@id":"https:\/\/carnavaldemiguelturra.es\/en\/presentacion-programa-2021\/","url":"https:\/\/carnavaldemiguelturra.es\/en\/presentacion-programa-2021\/","name":"Presentation Carnival Program 2021 | Carnival of Miguelturra","isPartOf":{"@id":"https:\/\/carnavaldemiguelturra.es\/en\/#website"},"primaryImageOfPage":{"@id":"https:\/\/carnavaldemiguelturra.es\/en\/presentacion-programa-2021\/#primaryimage"},"image":{"@id":"https:\/\/carnavaldemiguelturra.es\/en\/presentacion-programa-2021\/#primaryimage"},"thumbnailUrl":"https:\/\/carnavaldemiguelturra.es\/wp-content\/uploads\/2021\/02\/carnaval-miguelturra-presentacion-programa-2021-001.jpg","datePublished":"2021-02-10T15:33:04+00:00","dateModified":"2025-08-12T12:50:43+00:00","description":"This year, 2021, the Miguelturra Carnival must be different. It's not about partying or fussing, it's about responsibility.","breadcrumb":{"@id":"https:\/\/carnavaldemiguelturra.es\/en\/presentacion-programa-2021\/#breadcrumb"},"inLanguage":"en-US","potentialAction":[{"@type":"ReadAction","target":["https:\/\/carnavaldemiguelturra.es\/en\/presentacion-programa-2021\/"]}]},{"@type":"ImageObject","inLanguage":"en-US","@id":"https:\/\/carnavaldemiguelturra.es\/en\/presentacion-programa-2021\/#primaryimage","url":"https:\/\/carnavaldemiguelturra.es\/wp-content\/uploads\/2021\/02\/carnaval-miguelturra-presentacion-programa-2021-001.jpg","contentUrl":"https:\/\/carnavaldemiguelturra.es\/wp-content\/uploads\/2021\/02\/carnaval-miguelturra-presentacion-programa-2021-001.jpg","width":800,"height":533,"caption":"carnival-miguelturra-presentation-program-2021"},{"@type":"BreadcrumbList","@id":"https:\/\/carnavaldemiguelturra.es\/en\/presentacion-programa-2021\/#breadcrumb","itemListElement":[{"@type":"ListItem","position":1,"name":"Cover","item":"https:\/\/carnavaldemiguelturra.es\/en\/inicio\/"},{"@type":"ListItem","position":2,"name":"Presentation Carnival Program 2021"}]},{"@type":"WebSite","@id":"https:\/\/carnavaldemiguelturra.es\/en\/#website","url":"https:\/\/carnavaldemiguelturra.es\/en\/","name":"Carnaval de Miguelturra","description":"History of Miguelturra Carnival","publisher":{"@id":"https:\/\/carnavaldemiguelturra.es\/en\/#organization"},"potentialAction":[{"@type":"SearchAction","target":{"@type":"EntryPoint","urlTemplate":"https:\/\/carnavaldemiguelturra.es\/en\/?s={search_term_string}"},"query-input":{"@type":"PropertyValueSpecification","valueRequired":true,"valueName":"search_term_string"}}],"inLanguage":"en-US"},{"@type":"Organization","@id":"https:\/\/carnavaldemiguelturra.es\/en\/#organization","name":"carnivaldemiguelturra.es Association","url":"https:\/\/carnavaldemiguelturra.es\/en\/","logo":{"@type":"ImageObject","inLanguage":"en-US","@id":"https:\/\/carnavaldemiguelturra.es\/en\/#\/schema\/logo\/image\/","url":"https:\/\/carnavaldemiguelturra.es\/wp-content\/uploads\/2018\/08\/logo-grande.jpg","contentUrl":"https:\/\/carnavaldemiguelturra.es\/wp-content\/uploads\/2018\/08\/logo-grande.jpg","width":800,"height":600,"caption":"carnivaldemiguelturra.es Association"},"image":{"@id":"https:\/\/carnavaldemiguelturra.es\/en\/#\/schema\/logo\/image\/"},"sameAs":["https:\/\/www.facebook.com\/carnavaldemiguelturra\/","https:\/\/www.instagram.com\/carnavaldemiguelturra\/"]},{"@type":"Person","@id":"https:\/\/carnavaldemiguelturra.es\/en\/#\/schema\/person\/2c5684c732847b779f19c55d751d211b","name":"Berna Mart\u00ednez Romero","sameAs":["https:\/\/www.facebook.com\/berna.martinezromero"],"url":"https:\/\/carnavaldemiguelturra.es\/en\/author\/berna\/"}]}},"_links":{"self":[{"href":"https:\/\/carnavaldemiguelturra.es\/en\/wp-json\/wp\/v2\/posts\/50818","targetHints":{"allow":["GET"]}}],"collection":[{"href":"https:\/\/carnavaldemiguelturra.es\/en\/wp-json\/wp\/v2\/posts"}],"about":[{"href":"https:\/\/carnavaldemiguelturra.es\/en\/wp-json\/wp\/v2\/types\/post"}],"author":[{"embeddable":true,"href":"https:\/\/carnavaldemiguelturra.es\/en\/wp-json\/wp\/v2\/users\/2"}],"replies":[{"embeddable":true,"href":"https:\/\/carnavaldemiguelturra.es\/en\/wp-json\/wp\/v2\/comments?post=50818"}],"version-history":[{"count":0,"href":"https:\/\/carnavaldemiguelturra.es\/en\/wp-json\/wp\/v2\/posts\/50818\/revisions"}],"wp:featuredmedia":[{"embeddable":true,"href":"https:\/\/carnavaldemiguelturra.es\/en\/wp-json\/wp\/v2\/media\/50542"}],"wp:attachment":[{"href":"https:\/\/carnavaldemiguelturra.es\/en\/wp-json\/wp\/v2\/media?parent=50818"}],"wp:term":[{"taxonomy":"category","embeddable":true,"href":"https:\/\/carnavaldemiguelturra.es\/en\/wp-json\/wp\/v2\/categories?post=50818"},{"taxonomy":"post_tag","embeddable":true,"href":"https:\/\/carnavaldemiguelturra.es\/en\/wp-json\/wp\/v2\/tags?post=50818"}],"curies":[{"name":"wp","href":"https:\/\/api.w.org\/{rel}","templated":true}]}}