{"id":58144,"date":"2023-02-08T23:42:34","date_gmt":"2023-02-08T22:42:34","guid":{"rendered":"https:\/\/carnavaldemiguelturra.es\/presentacion-programa-2023\/"},"modified":"2025-08-05T09:28:31","modified_gmt":"2025-08-05T07:28:31","slug":"presentacion-programa-2023","status":"publish","type":"post","link":"https:\/\/carnavaldemiguelturra.es\/en\/presentacion-programa-2023\/","title":{"rendered":"Presentation Program 2023"},"content":{"rendered":"\n<style type=\"text\/css\" data-created_by=\"avia_inline_auto\" id=\"style-css-av-2wpaehs-0be18ca27524f9be57391b9d1e414de5\">\n.flex_column.av-2wpaehs-0be18ca27524f9be57391b9d1e414de5{\nborder-radius:0px 0px 0px 0px;\npadding:0px 2% 0px 0px;\n}\n<\/style>\n<div  class='flex_column av-2wpaehs-0be18ca27524f9be57391b9d1e414de5 av_one_fifth  avia-builder-el-0  el_before_av_four_fifth  avia-builder-el-first  first no_margin flex_column_div  '     ><style type=\"text\/css\" data-created_by=\"avia_inline_auto\" id=\"style-css-av-ldw91dr8-5df2a964425d6bb80fa7823ca912d303\">\n.avia-image-container.av-ldw91dr8-5df2a964425d6bb80fa7823ca912d303 img.avia_image{\nbox-shadow:none;\n}\n.avia-image-container.av-ldw91dr8-5df2a964425d6bb80fa7823ca912d303 .av-image-caption-overlay-center{\ncolor:#ffffff;\n}\n<\/style>\n<div  class='avia-image-container av-ldw91dr8-5df2a964425d6bb80fa7823ca912d303 av-styling- av-img-linked avia-align-center  avia-builder-el-1  avia-builder-el-no-sibling '   itemprop=\"image\" itemscope=\"itemscope\" itemtype=\"https:\/\/schema.org\/ImageObject\" ><div class=\"avia-image-container-inner\"><div class=\"avia-image-overlay-wrap\"><a href=\"https:\/\/carnavaldemiguelturra.es\/wp-content\/uploads\/2023\/02\/carnaval-miguelturra-presentacion-programa-2023.jpg\" class='avia_image '  aria-label='2023. Program Presentation. Photo: Francisco M. Peco'><img decoding=\"async\" fetchpriority=\"high\" class='wp-image-58050 avia-img-lazy-loading-not-58050 avia_image ' src=\"https:\/\/carnavaldemiguelturra.es\/wp-content\/uploads\/2023\/02\/carnaval-miguelturra-presentacion-programa-2023.jpg\" alt='carnival-miguelturra-presentation-program-2023' title='2023. Program Presentation. Photo: Francisco M. Peco'  height=\"525\" width=\"800\"  itemprop=\"thumbnailUrl\"  \/><\/a><\/div><\/div><\/div><\/div>\n\n<style type=\"text\/css\" data-created_by=\"avia_inline_auto\" id=\"style-css-av-2mgxiio-f085550f5d965050640486fbacab7f49\">\n.flex_column.av-2mgxiio-f085550f5d965050640486fbacab7f49{\nborder-radius:0px 0px 0px 0px;\npadding:0 0 0 0;\n}\n<\/style>\n<div  class='flex_column av-2mgxiio-f085550f5d965050640486fbacab7f49 av_four_fifth  avia-builder-el-2  el_after_av_one_fifth  el_before_av_one_fifth  no_margin flex_column_div av-zero-column-padding  '     ><section  class='av_textblock_section av-ldw8ld6f-6ecc5fd84c5b223fe11247572f5d8559 '   itemscope=\"itemscope\" itemtype=\"https:\/\/schema.org\/BlogPosting\" itemprop=\"blogPost\" ><div class='avia_textblock blockquote'  itemprop=\"text\" ><p style=\"font-size: 1.235em; line-height: 1.5em; border-left-style: solid; border-left-width: 7px; margin-bottom: 1em; margin-right: 1em; padding-left: 20px; border-color: #719430;\">Presentation Program 2023<\/p>\n<\/div><\/section><br \/>\n<section  class='av_textblock_section av-ldw8ojc1-9369a02a80f103cd8c1760d35a03fa31 '   itemscope=\"itemscope\" itemtype=\"https:\/\/schema.org\/BlogPosting\" itemprop=\"blogPost\" ><div class='avia_textblock'  itemprop=\"text\" ><h4>150,000 euros budget in different items<\/h4>\n<\/div><\/section><br \/>\n<section  class='av_textblock_section av-ldw8x028-1c60e0641954da4038139b0ba3269a0c '   itemscope=\"itemscope\" itemtype=\"https:\/\/schema.org\/BlogPosting\" itemprop=\"blogPost\" ><div class='avia_textblock'  itemprop=\"text\" ><p style=\"text-align: justify;\">On the morning of Wednesday, February 8, coinciding with the fifth anniversary of the declaration of the Miguelturra Carnival as a Festival of National Tourist Interest, the schedule of events for this 2023 Carnival has been announced.<\/p>\n<p style=\"text-align: justify;\">The event took place at the MOMO Museum, with the presence of the mayor Laura Arriaga, the celebrations councilor, Diego Rodr\u00edguez. It has also had the presence of the local carnival authorities, Seraf\u00edn Delgado, King of the Carnival, Ra\u00fal Dom\u00ednguez, President of the Association of Pe\u00f1as and the major masks of the year 2022 and those of the new 2023. <\/p>\n<p style=\"text-align: justify;\">The first to speak was Laura Arriaga, who highlighted the complete program that gives shape to these festivities. Highlighting the activities of the second edition of Sabores del Carnaval within the pre-carnival. Activities that have been fully booked in each of their events.  <\/p>\n<h5>This year, again two pairs of Greater Masks<\/h5>\n<p style=\"text-align: justify;\">Furthermore, he wanted to emphasize that in 2023 and since it is such a special year, two pairs of older masks will be chosen again, as was already done in the 80s of the last century. The increase in security and cleanliness, as well as the existence of a Violet Point, so that all the people of the town and those who travel to Miguelturra, can enjoy the carnival. <\/p>\n<p style=\"text-align: justify;\">Next, Diego Rodr\u00edguez, festivities councilor, stressed the efforts that have been made to achieve a very complete carnival. The return of the Drag Queen contest and that new Masterclass around pan-fried fruit for the little ones. A programming without limitations derived from <em>COVID-19<\/em>, which once again will lead us to experience a carnival in style.  <\/p>\n<p style=\"text-align: justify;\">For his part, Ra\u00fal Dom\u00ednguez wished that all those clubs that celebrate their anniversary in 2023 can celebrate it in style. Insisting on the importance of enjoying a carnival with respect.  To close the act, Seraf\u00edn Delgado (King of Carnival) and the major masks of the past 2022 and this 2023 have taken the floor.<\/p>\n<p style=\"text-align: justify;\">Now, the countdown begins for the starting signal of a proclamation that quotes us on the afternoon of Friday, February 17 at the Miguelturra Carnival Palace.<\/p>\n<\/div><\/section><\/p><\/div><div  class='flex_column av-26pu4tc-aa36566315027b12db3bea0e99c8c23a av_one_fifth  avia-builder-el-6  el_after_av_four_fifth  el_before_av_four_fifth  first flex_column_div  '     ><\/div><\/p>\n<div  class='flex_column av-1iycdog-68f4170d4033729cff12a12ab677869a av_four_fifth  avia-builder-el-7  el_after_av_one_fifth  avia-builder-el-last  flex_column_div  '     ><p>\n<style type=\"text\/css\" data-created_by=\"avia_inline_auto\" id=\"style-css-av-10ucl40-a889d1ed5c692db81106a1861ab96d42\">\n#top .hr.av-10ucl40-a889d1ed5c692db81106a1861ab96d42{\nmargin-top:15px;\nmargin-bottom:15px;\n}\n.hr.av-10ucl40-a889d1ed5c692db81106a1861ab96d42 .hr-inner{\nwidth:50px;\n}\n<\/style>\n<div  class='hr av-10ucl40-a889d1ed5c692db81106a1861ab96d42 hr-custom  avia-builder-el-8  el_before_av_font_icon  avia-builder-el-first  hr-center hr-icon-no'><span class='hr-inner inner-border-av-border-none'><span class=\"hr-inner-style\"><\/span><\/span><\/div><br \/>\n\n<style type=\"text\/css\" data-created_by=\"avia_inline_auto\" id=\"style-css-av-ldw91rdq-80c42c1fad5b4e35fe9c348cf4e049db\">\n.av_font_icon.av-ldw91rdq-80c42c1fad5b4e35fe9c348cf4e049db{\ncolor:#83a846;\nborder-color:#83a846;\n}\n.avia-svg-icon.av-ldw91rdq-80c42c1fad5b4e35fe9c348cf4e049db svg:first-child{\nstroke:#83a846;\nfill:#83a846;\n}\n.av_font_icon.av-ldw91rdq-80c42c1fad5b4e35fe9c348cf4e049db .av-icon-char{\nfont-size:80px;\nline-height:80px;\nwidth:80px;\n}\n<\/style>\n<span  class='av_font_icon av-ldw91rdq-80c42c1fad5b4e35fe9c348cf4e049db avia_animate_when_visible av-icon-style-border avia-icon-pos-right avia-iconfont avia-font-entypo-fontello avia-icon-animate'><a href='https:\/\/carnavaldemiguelturra.es\/wp-content\/uploads\/2023\/02\/Programa2023.pdf'  target=\"_blank\"  rel=\"noopener noreferrer\"  class='av-icon-char' data-av_icon='\ue84e' data-av_iconfont='entypo-fontello' aria-hidden=\"false\" data-avia-icon-tooltip=\"&lt;br \/&gt;\nDownload Program&lt;br \/&gt;\n\"><\/a><span class='av_icon_caption av-special-font'>Download Program<\/span><\/span><br \/>\n<div  class='av-social-sharing-box av-30qzuo-4dddb328c7ddb8a5c8e56e1266af8e74 av-social-sharing-box-default  avia-builder-el-10  el_after_av_font_icon  avia-builder-el-last  av-social-sharing-box-fullwidth'><div class=\"av-share-box\"><h5 class='av-share-link-description av-no-toc '>Share this post<\/h5><ul class=\"av-share-box-list noLightbox\"><li class='av-share-link av-social-link-facebook avia_social_iconfont' ><a target=\"_blank\" aria-label=\"Share on Facebook\" href='https:\/\/www.facebook.com\/sharer.php?u=https:\/\/carnavaldemiguelturra.es\/en\/presentacion-programa-2023\/&#038;t=Presentation%20Program%202023' data-av_icon='\ue8f3' data-av_iconfont='entypo-fontello'  title='' data-avia-related-tooltip='Share on Facebook'><span class='avia_hidden_link_text'>Share on Facebook<\/span><\/a><\/li><li class='av-share-link av-social-link-square-x-twitter avia_social_iconfont' ><a target=\"_blank\" aria-label=\"Share on X\" href='https:\/\/twitter.com\/share?text=Presentation%20Program%202023&#038;url=https:\/\/carnavaldemiguelturra.es\/en\/?p=58144' data-av_icon='\ue933' data-av_iconfont='entypo-fontello'  title='' data-avia-related-tooltip='Share on X'><span class='avia_hidden_link_text'>Share on X<\/span><\/a><\/li><li class='av-share-link av-social-link-whatsapp avia_social_iconfont' ><a target=\"_blank\" aria-label=\"Share on WhatsApp\" href='https:\/\/api.whatsapp.com\/send?text=https:\/\/carnavaldemiguelturra.es\/en\/presentacion-programa-2023\/' data-av_icon='\uf232' data-av_iconfont='entypo-fontello'  title='' data-avia-related-tooltip='Share on WhatsApp'><span class='avia_hidden_link_text'>Share on WhatsApp<\/span><\/a><\/li><\/ul><\/div><\/div><\/p><\/div>\n","protected":false},"excerpt":{"rendered":"<p>150,000 euros budget in different items<\/p>\n","protected":false},"author":2,"featured_media":58050,"comment_status":"closed","ping_status":"open","sticky":false,"template":"","format":"quote","meta":{"ngg_post_thumbnail":0,"footnotes":""},"categories":[109],"tags":[],"class_list":["post-58144","post","type-post","status-publish","format-quote","has-post-thumbnail","hentry","category-noticias-en","post_format-post-format-quote"],"yoast_head":"<!-- This site is optimized with the Yoast SEO plugin v27.5 - https:\/\/yoast.com\/product\/yoast-seo-wordpress\/ -->\n<title>Presentation Program 2023 | Carnival of Miguelturra<\/title>\n<meta name=\"description\" content=\"Coinciding with the 5th Anniversary of the Declaration of National Tourist Interest, the Carnival 2023 program is presented.\" \/>\n<meta name=\"robots\" content=\"index, follow, max-snippet:-1, max-image-preview:large, max-video-preview:-1\" \/>\n<link rel=\"canonical\" href=\"https:\/\/carnavaldemiguelturra.es\/en\/presentacion-programa-2023\/\" \/>\n<meta property=\"og:locale\" content=\"en_US\" \/>\n<meta property=\"og:type\" content=\"article\" \/>\n<meta property=\"og:title\" content=\"Presentation Program 2023 | Carnival of Miguelturra\" \/>\n<meta property=\"og:description\" content=\"Coinciding with the 5th Anniversary of the Declaration of National Tourist Interest, the Carnival 2023 program is presented.\" \/>\n<meta property=\"og:url\" content=\"https:\/\/carnavaldemiguelturra.es\/en\/presentacion-programa-2023\/\" \/>\n<meta property=\"og:site_name\" content=\"Carnival of Miguelturra\" \/>\n<meta property=\"article:publisher\" content=\"https:\/\/www.facebook.com\/carnavaldemiguelturra\/\" \/>\n<meta property=\"article:author\" content=\"https:\/\/www.facebook.com\/berna.martinezromero\" \/>\n<meta property=\"article:published_time\" content=\"2023-02-08T22:42:34+00:00\" \/>\n<meta property=\"article:modified_time\" content=\"2025-08-05T07:28:31+00:00\" \/>\n<meta property=\"og:image\" content=\"https:\/\/carnavaldemiguelturra.es\/wp-content\/uploads\/2023\/02\/carnaval-miguelturra-presentacion-programa-2023.jpg\" \/>\n\t<meta property=\"og:image:width\" content=\"800\" \/>\n\t<meta property=\"og:image:height\" content=\"525\" \/>\n\t<meta property=\"og:image:type\" content=\"image\/jpeg\" \/>\n<meta name=\"author\" content=\"Berna Mart\u00ednez Romero\" \/>\n<meta name=\"twitter:card\" content=\"summary_large_image\" \/>\n<meta name=\"twitter:label1\" content=\"Written by\" \/>\n\t<meta name=\"twitter:data1\" content=\"Berna Mart\u00ednez Romero\" \/>\n\t<meta name=\"twitter:label2\" content=\"Est. reading time\" \/>\n\t<meta name=\"twitter:data2\" content=\"11 minutes\" \/>\n<script type=\"application\/ld+json\" class=\"yoast-schema-graph\">{\"@context\":\"https:\\\/\\\/schema.org\",\"@graph\":[{\"@type\":\"NewsArticle\",\"@id\":\"https:\\\/\\\/carnavaldemiguelturra.es\\\/en\\\/presentacion-programa-2023\\\/#article\",\"isPartOf\":{\"@id\":\"https:\\\/\\\/carnavaldemiguelturra.es\\\/en\\\/presentacion-programa-2023\\\/\"},\"author\":{\"name\":\"Berna Mart\u00ednez Romero\",\"@id\":\"https:\\\/\\\/carnavaldemiguelturra.es\\\/en\\\/#\\\/schema\\\/person\\\/2c5684c732847b779f19c55d751d211b\"},\"headline\":\"Presentation Program 2023\",\"datePublished\":\"2023-02-08T22:42:34+00:00\",\"dateModified\":\"2025-08-05T07:28:31+00:00\",\"mainEntityOfPage\":{\"@id\":\"https:\\\/\\\/carnavaldemiguelturra.es\\\/en\\\/presentacion-programa-2023\\\/\"},\"wordCount\":1753,\"publisher\":{\"@id\":\"https:\\\/\\\/carnavaldemiguelturra.es\\\/en\\\/#organization\"},\"image\":{\"@id\":\"https:\\\/\\\/carnavaldemiguelturra.es\\\/en\\\/presentacion-programa-2023\\\/#primaryimage\"},\"thumbnailUrl\":\"https:\\\/\\\/carnavaldemiguelturra.es\\\/wp-content\\\/uploads\\\/2023\\\/02\\\/carnaval-miguelturra-presentacion-programa-2023.jpg\",\"articleSection\":[\"News\"],\"inLanguage\":\"en-US\"},{\"@type\":[\"WebPage\",\"ItemPage\"],\"@id\":\"https:\\\/\\\/carnavaldemiguelturra.es\\\/en\\\/presentacion-programa-2023\\\/\",\"url\":\"https:\\\/\\\/carnavaldemiguelturra.es\\\/en\\\/presentacion-programa-2023\\\/\",\"name\":\"Presentation Program 2023 | Carnival of Miguelturra\",\"isPartOf\":{\"@id\":\"https:\\\/\\\/carnavaldemiguelturra.es\\\/en\\\/#website\"},\"primaryImageOfPage\":{\"@id\":\"https:\\\/\\\/carnavaldemiguelturra.es\\\/en\\\/presentacion-programa-2023\\\/#primaryimage\"},\"image\":{\"@id\":\"https:\\\/\\\/carnavaldemiguelturra.es\\\/en\\\/presentacion-programa-2023\\\/#primaryimage\"},\"thumbnailUrl\":\"https:\\\/\\\/carnavaldemiguelturra.es\\\/wp-content\\\/uploads\\\/2023\\\/02\\\/carnaval-miguelturra-presentacion-programa-2023.jpg\",\"datePublished\":\"2023-02-08T22:42:34+00:00\",\"dateModified\":\"2025-08-05T07:28:31+00:00\",\"description\":\"Coinciding with the 5th Anniversary of the Declaration of National Tourist Interest, the Carnival 2023 program is presented.\",\"breadcrumb\":{\"@id\":\"https:\\\/\\\/carnavaldemiguelturra.es\\\/en\\\/presentacion-programa-2023\\\/#breadcrumb\"},\"inLanguage\":\"en-US\",\"potentialAction\":[{\"@type\":\"ReadAction\",\"target\":[\"https:\\\/\\\/carnavaldemiguelturra.es\\\/en\\\/presentacion-programa-2023\\\/\"]}]},{\"@type\":\"ImageObject\",\"inLanguage\":\"en-US\",\"@id\":\"https:\\\/\\\/carnavaldemiguelturra.es\\\/en\\\/presentacion-programa-2023\\\/#primaryimage\",\"url\":\"https:\\\/\\\/carnavaldemiguelturra.es\\\/wp-content\\\/uploads\\\/2023\\\/02\\\/carnaval-miguelturra-presentacion-programa-2023.jpg\",\"contentUrl\":\"https:\\\/\\\/carnavaldemiguelturra.es\\\/wp-content\\\/uploads\\\/2023\\\/02\\\/carnaval-miguelturra-presentacion-programa-2023.jpg\",\"width\":800,\"height\":525,\"caption\":\"carnival-miguelturra-presentation-program-2023\"},{\"@type\":\"BreadcrumbList\",\"@id\":\"https:\\\/\\\/carnavaldemiguelturra.es\\\/en\\\/presentacion-programa-2023\\\/#breadcrumb\",\"itemListElement\":[{\"@type\":\"ListItem\",\"position\":1,\"name\":\"Cover\",\"item\":\"https:\\\/\\\/carnavaldemiguelturra.es\\\/en\\\/inicio\\\/\"},{\"@type\":\"ListItem\",\"position\":2,\"name\":\"Presentation Program 2023\"}]},{\"@type\":\"WebSite\",\"@id\":\"https:\\\/\\\/carnavaldemiguelturra.es\\\/en\\\/#website\",\"url\":\"https:\\\/\\\/carnavaldemiguelturra.es\\\/en\\\/\",\"name\":\"Carnaval de Miguelturra\",\"description\":\"History of Miguelturra Carnival\",\"publisher\":{\"@id\":\"https:\\\/\\\/carnavaldemiguelturra.es\\\/en\\\/#organization\"},\"potentialAction\":[{\"@type\":\"SearchAction\",\"target\":{\"@type\":\"EntryPoint\",\"urlTemplate\":\"https:\\\/\\\/carnavaldemiguelturra.es\\\/en\\\/?s={search_term_string}\"},\"query-input\":{\"@type\":\"PropertyValueSpecification\",\"valueRequired\":true,\"valueName\":\"search_term_string\"}}],\"inLanguage\":\"en-US\"},{\"@type\":\"Organization\",\"@id\":\"https:\\\/\\\/carnavaldemiguelturra.es\\\/en\\\/#organization\",\"name\":\"carnivaldemiguelturra.es Association\",\"url\":\"https:\\\/\\\/carnavaldemiguelturra.es\\\/en\\\/\",\"logo\":{\"@type\":\"ImageObject\",\"inLanguage\":\"en-US\",\"@id\":\"https:\\\/\\\/carnavaldemiguelturra.es\\\/en\\\/#\\\/schema\\\/logo\\\/image\\\/\",\"url\":\"https:\\\/\\\/carnavaldemiguelturra.es\\\/wp-content\\\/uploads\\\/2018\\\/08\\\/logo-grande.jpg\",\"contentUrl\":\"https:\\\/\\\/carnavaldemiguelturra.es\\\/wp-content\\\/uploads\\\/2018\\\/08\\\/logo-grande.jpg\",\"width\":800,\"height\":600,\"caption\":\"carnivaldemiguelturra.es Association\"},\"image\":{\"@id\":\"https:\\\/\\\/carnavaldemiguelturra.es\\\/en\\\/#\\\/schema\\\/logo\\\/image\\\/\"},\"sameAs\":[\"https:\\\/\\\/www.facebook.com\\\/carnavaldemiguelturra\\\/\",\"https:\\\/\\\/www.instagram.com\\\/carnavaldemiguelturra\\\/\"]},{\"@type\":\"Person\",\"@id\":\"https:\\\/\\\/carnavaldemiguelturra.es\\\/en\\\/#\\\/schema\\\/person\\\/2c5684c732847b779f19c55d751d211b\",\"name\":\"Berna Mart\u00ednez Romero\",\"sameAs\":[\"https:\\\/\\\/www.facebook.com\\\/berna.martinezromero\"],\"url\":\"https:\\\/\\\/carnavaldemiguelturra.es\\\/en\\\/author\\\/berna\\\/\"}]}<\/script>\n<!-- \/ Yoast SEO plugin. -->","yoast_head_json":{"title":"Presentation Program 2023 | Carnival of Miguelturra","description":"Coinciding with the 5th Anniversary of the Declaration of National Tourist Interest, the Carnival 2023 program is presented.","robots":{"index":"index","follow":"follow","max-snippet":"max-snippet:-1","max-image-preview":"max-image-preview:large","max-video-preview":"max-video-preview:-1"},"canonical":"https:\/\/carnavaldemiguelturra.es\/en\/presentacion-programa-2023\/","og_locale":"en_US","og_type":"article","og_title":"Presentation Program 2023 | Carnival of Miguelturra","og_description":"Coinciding with the 5th Anniversary of the Declaration of National Tourist Interest, the Carnival 2023 program is presented.","og_url":"https:\/\/carnavaldemiguelturra.es\/en\/presentacion-programa-2023\/","og_site_name":"Carnival of Miguelturra","article_publisher":"https:\/\/www.facebook.com\/carnavaldemiguelturra\/","article_author":"https:\/\/www.facebook.com\/berna.martinezromero","article_published_time":"2023-02-08T22:42:34+00:00","article_modified_time":"2025-08-05T07:28:31+00:00","og_image":[{"width":800,"height":525,"url":"https:\/\/carnavaldemiguelturra.es\/wp-content\/uploads\/2023\/02\/carnaval-miguelturra-presentacion-programa-2023.jpg","type":"image\/jpeg"}],"author":"Berna Mart\u00ednez Romero","twitter_card":"summary_large_image","twitter_misc":{"Written by":"Berna Mart\u00ednez Romero","Est. reading time":"11 minutes"},"schema":{"@context":"https:\/\/schema.org","@graph":[{"@type":"NewsArticle","@id":"https:\/\/carnavaldemiguelturra.es\/en\/presentacion-programa-2023\/#article","isPartOf":{"@id":"https:\/\/carnavaldemiguelturra.es\/en\/presentacion-programa-2023\/"},"author":{"name":"Berna Mart\u00ednez Romero","@id":"https:\/\/carnavaldemiguelturra.es\/en\/#\/schema\/person\/2c5684c732847b779f19c55d751d211b"},"headline":"Presentation Program 2023","datePublished":"2023-02-08T22:42:34+00:00","dateModified":"2025-08-05T07:28:31+00:00","mainEntityOfPage":{"@id":"https:\/\/carnavaldemiguelturra.es\/en\/presentacion-programa-2023\/"},"wordCount":1753,"publisher":{"@id":"https:\/\/carnavaldemiguelturra.es\/en\/#organization"},"image":{"@id":"https:\/\/carnavaldemiguelturra.es\/en\/presentacion-programa-2023\/#primaryimage"},"thumbnailUrl":"https:\/\/carnavaldemiguelturra.es\/wp-content\/uploads\/2023\/02\/carnaval-miguelturra-presentacion-programa-2023.jpg","articleSection":["News"],"inLanguage":"en-US"},{"@type":["WebPage","ItemPage"],"@id":"https:\/\/carnavaldemiguelturra.es\/en\/presentacion-programa-2023\/","url":"https:\/\/carnavaldemiguelturra.es\/en\/presentacion-programa-2023\/","name":"Presentation Program 2023 | Carnival of Miguelturra","isPartOf":{"@id":"https:\/\/carnavaldemiguelturra.es\/en\/#website"},"primaryImageOfPage":{"@id":"https:\/\/carnavaldemiguelturra.es\/en\/presentacion-programa-2023\/#primaryimage"},"image":{"@id":"https:\/\/carnavaldemiguelturra.es\/en\/presentacion-programa-2023\/#primaryimage"},"thumbnailUrl":"https:\/\/carnavaldemiguelturra.es\/wp-content\/uploads\/2023\/02\/carnaval-miguelturra-presentacion-programa-2023.jpg","datePublished":"2023-02-08T22:42:34+00:00","dateModified":"2025-08-05T07:28:31+00:00","description":"Coinciding with the 5th Anniversary of the Declaration of National Tourist Interest, the Carnival 2023 program is presented.","breadcrumb":{"@id":"https:\/\/carnavaldemiguelturra.es\/en\/presentacion-programa-2023\/#breadcrumb"},"inLanguage":"en-US","potentialAction":[{"@type":"ReadAction","target":["https:\/\/carnavaldemiguelturra.es\/en\/presentacion-programa-2023\/"]}]},{"@type":"ImageObject","inLanguage":"en-US","@id":"https:\/\/carnavaldemiguelturra.es\/en\/presentacion-programa-2023\/#primaryimage","url":"https:\/\/carnavaldemiguelturra.es\/wp-content\/uploads\/2023\/02\/carnaval-miguelturra-presentacion-programa-2023.jpg","contentUrl":"https:\/\/carnavaldemiguelturra.es\/wp-content\/uploads\/2023\/02\/carnaval-miguelturra-presentacion-programa-2023.jpg","width":800,"height":525,"caption":"carnival-miguelturra-presentation-program-2023"},{"@type":"BreadcrumbList","@id":"https:\/\/carnavaldemiguelturra.es\/en\/presentacion-programa-2023\/#breadcrumb","itemListElement":[{"@type":"ListItem","position":1,"name":"Cover","item":"https:\/\/carnavaldemiguelturra.es\/en\/inicio\/"},{"@type":"ListItem","position":2,"name":"Presentation Program 2023"}]},{"@type":"WebSite","@id":"https:\/\/carnavaldemiguelturra.es\/en\/#website","url":"https:\/\/carnavaldemiguelturra.es\/en\/","name":"Carnaval de Miguelturra","description":"History of Miguelturra Carnival","publisher":{"@id":"https:\/\/carnavaldemiguelturra.es\/en\/#organization"},"potentialAction":[{"@type":"SearchAction","target":{"@type":"EntryPoint","urlTemplate":"https:\/\/carnavaldemiguelturra.es\/en\/?s={search_term_string}"},"query-input":{"@type":"PropertyValueSpecification","valueRequired":true,"valueName":"search_term_string"}}],"inLanguage":"en-US"},{"@type":"Organization","@id":"https:\/\/carnavaldemiguelturra.es\/en\/#organization","name":"carnivaldemiguelturra.es Association","url":"https:\/\/carnavaldemiguelturra.es\/en\/","logo":{"@type":"ImageObject","inLanguage":"en-US","@id":"https:\/\/carnavaldemiguelturra.es\/en\/#\/schema\/logo\/image\/","url":"https:\/\/carnavaldemiguelturra.es\/wp-content\/uploads\/2018\/08\/logo-grande.jpg","contentUrl":"https:\/\/carnavaldemiguelturra.es\/wp-content\/uploads\/2018\/08\/logo-grande.jpg","width":800,"height":600,"caption":"carnivaldemiguelturra.es Association"},"image":{"@id":"https:\/\/carnavaldemiguelturra.es\/en\/#\/schema\/logo\/image\/"},"sameAs":["https:\/\/www.facebook.com\/carnavaldemiguelturra\/","https:\/\/www.instagram.com\/carnavaldemiguelturra\/"]},{"@type":"Person","@id":"https:\/\/carnavaldemiguelturra.es\/en\/#\/schema\/person\/2c5684c732847b779f19c55d751d211b","name":"Berna Mart\u00ednez Romero","sameAs":["https:\/\/www.facebook.com\/berna.martinezromero"],"url":"https:\/\/carnavaldemiguelturra.es\/en\/author\/berna\/"}]}},"_links":{"self":[{"href":"https:\/\/carnavaldemiguelturra.es\/en\/wp-json\/wp\/v2\/posts\/58144","targetHints":{"allow":["GET"]}}],"collection":[{"href":"https:\/\/carnavaldemiguelturra.es\/en\/wp-json\/wp\/v2\/posts"}],"about":[{"href":"https:\/\/carnavaldemiguelturra.es\/en\/wp-json\/wp\/v2\/types\/post"}],"author":[{"embeddable":true,"href":"https:\/\/carnavaldemiguelturra.es\/en\/wp-json\/wp\/v2\/users\/2"}],"replies":[{"embeddable":true,"href":"https:\/\/carnavaldemiguelturra.es\/en\/wp-json\/wp\/v2\/comments?post=58144"}],"version-history":[{"count":0,"href":"https:\/\/carnavaldemiguelturra.es\/en\/wp-json\/wp\/v2\/posts\/58144\/revisions"}],"wp:featuredmedia":[{"embeddable":true,"href":"https:\/\/carnavaldemiguelturra.es\/en\/wp-json\/wp\/v2\/media\/58050"}],"wp:attachment":[{"href":"https:\/\/carnavaldemiguelturra.es\/en\/wp-json\/wp\/v2\/media?parent=58144"}],"wp:term":[{"taxonomy":"category","embeddable":true,"href":"https:\/\/carnavaldemiguelturra.es\/en\/wp-json\/wp\/v2\/categories?post=58144"},{"taxonomy":"post_tag","embeddable":true,"href":"https:\/\/carnavaldemiguelturra.es\/en\/wp-json\/wp\/v2\/tags?post=58144"}],"curies":[{"name":"wp","href":"https:\/\/api.w.org\/{rel}","templated":true}]}}