{"id":67219,"date":"2024-10-08T14:28:10","date_gmt":"2024-10-08T12:28:10","guid":{"rendered":"https:\/\/carnavaldemiguelturra.es\/presentacion-mascaras-mayores-2025\/"},"modified":"2025-07-23T14:55:56","modified_gmt":"2025-07-23T12:55:56","slug":"presentacion-mascaras-mayores-2025","status":"publish","type":"post","link":"https:\/\/carnavaldemiguelturra.es\/en\/presentacion-mascaras-mayores-2025\/","title":{"rendered":"Presentation of Major Masks 2025"},"content":{"rendered":"\n<style type=\"text\/css\" data-created_by=\"avia_inline_auto\" id=\"style-css-av-3e8oohj-283575bd1f4be998fa32316c0817a0d2\">\n.flex_column.av-3e8oohj-283575bd1f4be998fa32316c0817a0d2{\nborder-radius:0px 0px 0px 0px;\npadding:0px 2% 0px 0px;\n}\n<\/style>\n<div  class='flex_column av-3e8oohj-283575bd1f4be998fa32316c0817a0d2 av_one_fifth  avia-builder-el-0  el_before_av_four_fifth  avia-builder-el-first  first no_margin flex_column_div  '     ><style type=\"text\/css\" data-created_by=\"avia_inline_auto\" id=\"style-css-av-l9g50ziw-75317b9928354a33a1b5a3a2060f7f93\">\n.avia-image-container.av-l9g50ziw-75317b9928354a33a1b5a3a2060f7f93 img.avia_image{\nbox-shadow:none;\n}\n.avia-image-container.av-l9g50ziw-75317b9928354a33a1b5a3a2060f7f93 .av-image-caption-overlay-center{\ncolor:#ffffff;\n}\n<\/style>\n<div  class='avia-image-container av-l9g50ziw-75317b9928354a33a1b5a3a2060f7f93 av-styling- av-hover-grow av-img-linked avia-align-center  avia-builder-el-1  avia-builder-el-no-sibling '   itemprop=\"image\" itemscope=\"itemscope\" itemtype=\"https:\/\/schema.org\/ImageObject\" ><div class=\"avia-image-container-inner\"><div class=\"avia-image-overlay-wrap\"><a href=\"https:\/\/carnavaldemiguelturra.es\/wp-content\/uploads\/2024\/10\/carnaval-miguelturra-prensa-mascaras-mayores-2025.jpg\" class='avia_image '  aria-label='Berna and Esther, Major Masks 2025. Photo: Miguelturra&#039;s Diary'><img decoding=\"async\" fetchpriority=\"high\" class='wp-image-66937 avia-img-lazy-loading-not-66937 avia_image ' src=\"https:\/\/carnavaldemiguelturra.es\/wp-content\/uploads\/2024\/10\/carnaval-miguelturra-prensa-mascaras-mayores-2025.jpg\" alt='carnival-miguelturra-masks-major-2025' title='Berna and Esther, Major Masks 2025. Photo: Miguelturra&#039;s Diary'  height=\"533\" width=\"800\"  itemprop=\"thumbnailUrl\"  \/><\/a><\/div><\/div><\/div><\/div>\n\n<style type=\"text\/css\" data-created_by=\"avia_inline_auto\" id=\"style-css-av-34aqvlj-fc866c51b9ddbfe67e3c7e83865f1f84\">\n.flex_column.av-34aqvlj-fc866c51b9ddbfe67e3c7e83865f1f84{\nborder-radius:0px 0px 0px 0px;\npadding:0 0 0 0;\n}\n<\/style>\n<div  class='flex_column av-34aqvlj-fc866c51b9ddbfe67e3c7e83865f1f84 av_four_fifth  avia-builder-el-2  el_after_av_one_fifth  el_before_av_one_fifth  no_margin flex_column_div av-zero-column-padding  '     ><section  class='av_textblock_section av-klo8ov3r-5a351dd9e8063b9440b8be05f734917c '   itemscope=\"itemscope\" itemtype=\"https:\/\/schema.org\/BlogPosting\" itemprop=\"blogPost\" ><div class='avia_textblock blockquote'  itemprop=\"text\" ><p style=\"font-size: 1.235em; line-height: 1.5em; border-left-style: solid; border-left-width: 7px; margin-bottom: 1em; margin-right: 1em; padding-left: 20px; border-color: #719430;\">Berna and Esther will be the Major Masks of the Miguelturra Carnival 2025<\/p>\n<\/div><\/section><br \/>\n<section  class='av_textblock_section av-klo9jzy5-5789571802a9b52723475272ee13722d '   itemscope=\"itemscope\" itemtype=\"https:\/\/schema.org\/BlogPosting\" itemprop=\"blogPost\" ><div class='avia_textblock'  itemprop=\"text\" ><h4>On March 1st it will be announced at the Carnival Palace<\/h4>\n<\/div><\/section><br \/>\n<section  class='av_textblock_section av-klo9jzy5-1-e8a3244f0fc12b739e7e0e0115c6191e '   itemscope=\"itemscope\" itemtype=\"https:\/\/schema.org\/BlogPosting\" itemprop=\"blogPost\" ><div class='avia_textblock'  itemprop=\"text\" ><p style=\"text-align: justify;\">On Tuesday, October 8, the plenary hall of the City Council was the setting chosen for the presentation of the Major Masks of the Miguelturra 2025 Carnival.<\/p>\n<p style=\"text-align: justify;\">The Councilor for Culture and Celebrations, Carmen Mar\u00eda Mohino, accompanied by the king of Carnival, Seraf\u00edn Delgado, the President of the Association of Pe\u00f1as, Ra\u00fal Dom\u00ednguez and the Mayor Masks of 2024, Rafael G\u00f3mez and M\u00aa Luisa Oca\u00f1a,&nbsp; has presented who will be the couple number 52 of Senior Masks of the Miguelturra Carnival, Bernardino Mart\u00ednez Romero and Mar\u00eda Esther Mart\u00ednez Molina.<\/p>\n<h4>Pair number 52 of Major Masks of the Miguelturra Carnival<\/h4>\n<p style=\"text-align: justify;\">Berna is 55 years old, a computer programmer, and a running and mountain biking enthusiast. He is married to Esther, who is 51 and the store manager. Running is also one of his favorite hobbies.   They have two children together, Fran and C\u00e9sar.<\/p>\n<p style=\"text-align: justify;\">An excellent carnival couple closely linked to our carnival and who will be even more so with the distinction of Major Masks of the Miguelturra Carnival.<\/p>\n<p style=\"text-align: justify;\">On March 1st, at the Carnival Palace, they will receive the affection of all of Miguelturra for their good work and their involvement with the Churriego Carnival. On this day, they will receive their bands as the Major Masks of the Miguelturra Carnival, a festival declared of National Tourist Interest.<\/p>\n<p>Congratulations!!<\/p>\n<\/div><\/section><\/p><\/div><div  class='flex_column av-2gy0o9j-7ea2d9db0936600b496c265d3b3c8309 av_one_fifth  avia-builder-el-6  el_after_av_four_fifth  el_before_av_four_fifth  first flex_column_div  '     ><\/div><\/p>\n<div  class='flex_column av-292bmif-4477612cf4672ddf7611dc96b299b153 av_four_fifth  avia-builder-el-7  el_after_av_one_fifth  avia-builder-el-last  flex_column_div  '     ><p><section  class='av_textblock_section av-m6dqrk0i-3fb87e30f0abc6048d8d4f7e3903928c '   itemscope=\"itemscope\" itemtype=\"https:\/\/schema.org\/BlogPosting\" itemprop=\"blogPost\" ><div class='avia_textblock'  itemprop=\"text\" >ngg_shortcode_0_placeholder\n<\/div><\/section><br \/>\n\n<style type=\"text\/css\" data-created_by=\"avia_inline_auto\" id=\"style-css-av-ytcxav-6b8321344ad5ac30e8389c8e3f887233\">\n#top .hr.av-ytcxav-6b8321344ad5ac30e8389c8e3f887233{\nmargin-top:15px;\nmargin-bottom:15px;\n}\n.hr.av-ytcxav-6b8321344ad5ac30e8389c8e3f887233 .hr-inner{\nwidth:50px;\n}\n<\/style>\n<div  class='hr av-ytcxav-6b8321344ad5ac30e8389c8e3f887233 hr-custom  avia-builder-el-9  el_after_av_textblock  el_before_av_social_share  hr-center hr-icon-no'><span class='hr-inner inner-border-av-border-none'><span class=\"hr-inner-style\"><\/span><\/span><\/div><br \/>\n<div  class='av-social-sharing-box av-s6fo8n-d7d9411fbd8897d282ce9e8d781dc847 av-social-sharing-box-default  avia-builder-el-10  el_after_av_hr  avia-builder-el-last  av-social-sharing-box-fullwidth'><div class=\"av-share-box\"><h5 class='av-share-link-description av-no-toc '>Share this post<\/h5><ul class=\"av-share-box-list noLightbox\"><li class='av-share-link av-social-link-facebook avia_social_iconfont' ><a target=\"_blank\" aria-label=\"Share on Facebook\" href='https:\/\/www.facebook.com\/sharer.php?u=https:\/\/carnavaldemiguelturra.es\/en\/presentacion-mascaras-mayores-2025\/&#038;t=Presentation%20of%20Major%20Masks%202025' data-av_icon='\ue8f3' data-av_iconfont='entypo-fontello'  title='' data-avia-related-tooltip='Share on Facebook'><span class='avia_hidden_link_text'>Share on Facebook<\/span><\/a><\/li><li class='av-share-link av-social-link-square-x-twitter avia_social_iconfont' ><a target=\"_blank\" aria-label=\"Share on X\" href='https:\/\/twitter.com\/share?text=Presentation%20of%20Major%20Masks%202025&#038;url=https:\/\/carnavaldemiguelturra.es\/en\/?p=67219' data-av_icon='\ue933' data-av_iconfont='entypo-fontello'  title='' data-avia-related-tooltip='Share on X'><span class='avia_hidden_link_text'>Share on X<\/span><\/a><\/li><li class='av-share-link av-social-link-whatsapp avia_social_iconfont' ><a target=\"_blank\" aria-label=\"Share on WhatsApp\" href='https:\/\/api.whatsapp.com\/send?text=https:\/\/carnavaldemiguelturra.es\/en\/presentacion-mascaras-mayores-2025\/' data-av_icon='\uf232' data-av_iconfont='entypo-fontello'  title='' data-avia-related-tooltip='Share on WhatsApp'><span class='avia_hidden_link_text'>Share on WhatsApp<\/span><\/a><\/li><\/ul><\/div><\/div><\/p><\/div>\n","protected":false},"excerpt":{"rendered":"<p>Berna and Esther will be the Major Masks of the Miguelturra Carnival 2025<\/p>\n","protected":false},"author":2,"featured_media":66937,"comment_status":"closed","ping_status":"open","sticky":false,"template":"","format":"quote","meta":{"ngg_post_thumbnail":0,"footnotes":""},"categories":[109],"tags":[155,154,156,246],"class_list":["post-67219","post","type-post","status-publish","format-quote","has-post-thumbnail","hentry","category-noticias-en","tag-carnival","tag-carnival-of-miguelturra","tag-miguelturra-en","tag-news","post_format-post-format-quote"],"yoast_head":"<!-- This site is optimized with the Yoast SEO plugin v27.5 - https:\/\/yoast.com\/product\/yoast-seo-wordpress\/ -->\n<title>Presentation of Major Masks 2025 | Carnival of Miguelturra<\/title>\n<meta name=\"description\" content=\"Berna and Esther will be the Major Masks of the Miguelturra Carnival 2025, on March 1st their proclamation will be at the Carnival Palace.\" \/>\n<meta name=\"robots\" content=\"index, follow, max-snippet:-1, max-image-preview:large, max-video-preview:-1\" \/>\n<link rel=\"canonical\" href=\"https:\/\/carnavaldemiguelturra.es\/en\/presentacion-mascaras-mayores-2025\/\" \/>\n<meta property=\"og:locale\" content=\"en_US\" \/>\n<meta property=\"og:type\" content=\"article\" \/>\n<meta property=\"og:title\" content=\"Presentation of Major Masks 2025 | Carnival of Miguelturra\" \/>\n<meta property=\"og:description\" content=\"Berna and Esther will be the Major Masks of the Miguelturra Carnival 2025, on March 1st their proclamation will be at the Carnival Palace.\" \/>\n<meta property=\"og:url\" content=\"https:\/\/carnavaldemiguelturra.es\/en\/presentacion-mascaras-mayores-2025\/\" \/>\n<meta property=\"og:site_name\" content=\"Carnival of Miguelturra\" \/>\n<meta property=\"article:publisher\" content=\"https:\/\/www.facebook.com\/carnavaldemiguelturra\/\" \/>\n<meta property=\"article:author\" content=\"https:\/\/www.facebook.com\/berna.martinezromero\" \/>\n<meta property=\"article:published_time\" content=\"2024-10-08T12:28:10+00:00\" \/>\n<meta property=\"article:modified_time\" content=\"2025-07-23T12:55:56+00:00\" \/>\n<meta property=\"og:image\" content=\"https:\/\/carnavaldemiguelturra.es\/wp-content\/uploads\/2024\/10\/carnaval-miguelturra-prensa-mascaras-mayores-2025.jpg\" \/>\n\t<meta property=\"og:image:width\" content=\"800\" \/>\n\t<meta property=\"og:image:height\" content=\"533\" \/>\n\t<meta property=\"og:image:type\" content=\"image\/jpeg\" \/>\n<meta name=\"author\" content=\"Berna Mart\u00ednez Romero\" \/>\n<meta name=\"twitter:card\" content=\"summary_large_image\" \/>\n<meta name=\"twitter:label1\" content=\"Written by\" \/>\n\t<meta name=\"twitter:data1\" content=\"Berna Mart\u00ednez Romero\" \/>\n\t<meta name=\"twitter:label2\" content=\"Est. reading time\" \/>\n\t<meta name=\"twitter:data2\" content=\"12 minutes\" \/>\n<script type=\"application\/ld+json\" class=\"yoast-schema-graph\">{\"@context\":\"https:\\\/\\\/schema.org\",\"@graph\":[{\"@type\":\"NewsArticle\",\"@id\":\"https:\\\/\\\/carnavaldemiguelturra.es\\\/en\\\/presentacion-mascaras-mayores-2025\\\/#article\",\"isPartOf\":{\"@id\":\"https:\\\/\\\/carnavaldemiguelturra.es\\\/en\\\/presentacion-mascaras-mayores-2025\\\/\"},\"author\":{\"name\":\"Berna Mart\u00ednez Romero\",\"@id\":\"https:\\\/\\\/carnavaldemiguelturra.es\\\/en\\\/#\\\/schema\\\/person\\\/2c5684c732847b779f19c55d751d211b\"},\"headline\":\"Presentation of Major Masks 2025\",\"datePublished\":\"2024-10-08T12:28:10+00:00\",\"dateModified\":\"2025-07-23T12:55:56+00:00\",\"mainEntityOfPage\":{\"@id\":\"https:\\\/\\\/carnavaldemiguelturra.es\\\/en\\\/presentacion-mascaras-mayores-2025\\\/\"},\"wordCount\":1769,\"publisher\":{\"@id\":\"https:\\\/\\\/carnavaldemiguelturra.es\\\/en\\\/#organization\"},\"image\":{\"@id\":\"https:\\\/\\\/carnavaldemiguelturra.es\\\/en\\\/presentacion-mascaras-mayores-2025\\\/#primaryimage\"},\"thumbnailUrl\":\"https:\\\/\\\/carnavaldemiguelturra.es\\\/wp-content\\\/uploads\\\/2024\\\/10\\\/carnaval-miguelturra-prensa-mascaras-mayores-2025.jpg\",\"keywords\":[\"Carnival\",\"Carnival of Miguelturra\",\"Miguelturra\",\"News\"],\"articleSection\":[\"News\"],\"inLanguage\":\"en-US\"},{\"@type\":[\"WebPage\",\"ItemPage\"],\"@id\":\"https:\\\/\\\/carnavaldemiguelturra.es\\\/en\\\/presentacion-mascaras-mayores-2025\\\/\",\"url\":\"https:\\\/\\\/carnavaldemiguelturra.es\\\/en\\\/presentacion-mascaras-mayores-2025\\\/\",\"name\":\"Presentation of Major Masks 2025 | Carnival of Miguelturra\",\"isPartOf\":{\"@id\":\"https:\\\/\\\/carnavaldemiguelturra.es\\\/en\\\/#website\"},\"primaryImageOfPage\":{\"@id\":\"https:\\\/\\\/carnavaldemiguelturra.es\\\/en\\\/presentacion-mascaras-mayores-2025\\\/#primaryimage\"},\"image\":{\"@id\":\"https:\\\/\\\/carnavaldemiguelturra.es\\\/en\\\/presentacion-mascaras-mayores-2025\\\/#primaryimage\"},\"thumbnailUrl\":\"https:\\\/\\\/carnavaldemiguelturra.es\\\/wp-content\\\/uploads\\\/2024\\\/10\\\/carnaval-miguelturra-prensa-mascaras-mayores-2025.jpg\",\"datePublished\":\"2024-10-08T12:28:10+00:00\",\"dateModified\":\"2025-07-23T12:55:56+00:00\",\"description\":\"Berna and Esther will be the Major Masks of the Miguelturra Carnival 2025, on March 1st their proclamation will be at the Carnival Palace.\",\"breadcrumb\":{\"@id\":\"https:\\\/\\\/carnavaldemiguelturra.es\\\/en\\\/presentacion-mascaras-mayores-2025\\\/#breadcrumb\"},\"inLanguage\":\"en-US\",\"potentialAction\":[{\"@type\":\"ReadAction\",\"target\":[\"https:\\\/\\\/carnavaldemiguelturra.es\\\/en\\\/presentacion-mascaras-mayores-2025\\\/\"]}]},{\"@type\":\"ImageObject\",\"inLanguage\":\"en-US\",\"@id\":\"https:\\\/\\\/carnavaldemiguelturra.es\\\/en\\\/presentacion-mascaras-mayores-2025\\\/#primaryimage\",\"url\":\"https:\\\/\\\/carnavaldemiguelturra.es\\\/wp-content\\\/uploads\\\/2024\\\/10\\\/carnaval-miguelturra-prensa-mascaras-mayores-2025.jpg\",\"contentUrl\":\"https:\\\/\\\/carnavaldemiguelturra.es\\\/wp-content\\\/uploads\\\/2024\\\/10\\\/carnaval-miguelturra-prensa-mascaras-mayores-2025.jpg\",\"width\":800,\"height\":533,\"caption\":\"carnival-miguelturra-masks-major-2025\"},{\"@type\":\"BreadcrumbList\",\"@id\":\"https:\\\/\\\/carnavaldemiguelturra.es\\\/en\\\/presentacion-mascaras-mayores-2025\\\/#breadcrumb\",\"itemListElement\":[{\"@type\":\"ListItem\",\"position\":1,\"name\":\"Cover\",\"item\":\"https:\\\/\\\/carnavaldemiguelturra.es\\\/en\\\/inicio\\\/\"},{\"@type\":\"ListItem\",\"position\":2,\"name\":\"Presentation of Major Masks 2025\"}]},{\"@type\":\"WebSite\",\"@id\":\"https:\\\/\\\/carnavaldemiguelturra.es\\\/en\\\/#website\",\"url\":\"https:\\\/\\\/carnavaldemiguelturra.es\\\/en\\\/\",\"name\":\"Carnaval de Miguelturra\",\"description\":\"History of Miguelturra Carnival\",\"publisher\":{\"@id\":\"https:\\\/\\\/carnavaldemiguelturra.es\\\/en\\\/#organization\"},\"potentialAction\":[{\"@type\":\"SearchAction\",\"target\":{\"@type\":\"EntryPoint\",\"urlTemplate\":\"https:\\\/\\\/carnavaldemiguelturra.es\\\/en\\\/?s={search_term_string}\"},\"query-input\":{\"@type\":\"PropertyValueSpecification\",\"valueRequired\":true,\"valueName\":\"search_term_string\"}}],\"inLanguage\":\"en-US\"},{\"@type\":\"Organization\",\"@id\":\"https:\\\/\\\/carnavaldemiguelturra.es\\\/en\\\/#organization\",\"name\":\"carnivaldemiguelturra.es Association\",\"url\":\"https:\\\/\\\/carnavaldemiguelturra.es\\\/en\\\/\",\"logo\":{\"@type\":\"ImageObject\",\"inLanguage\":\"en-US\",\"@id\":\"https:\\\/\\\/carnavaldemiguelturra.es\\\/en\\\/#\\\/schema\\\/logo\\\/image\\\/\",\"url\":\"https:\\\/\\\/carnavaldemiguelturra.es\\\/wp-content\\\/uploads\\\/2018\\\/08\\\/logo-grande.jpg\",\"contentUrl\":\"https:\\\/\\\/carnavaldemiguelturra.es\\\/wp-content\\\/uploads\\\/2018\\\/08\\\/logo-grande.jpg\",\"width\":800,\"height\":600,\"caption\":\"carnivaldemiguelturra.es Association\"},\"image\":{\"@id\":\"https:\\\/\\\/carnavaldemiguelturra.es\\\/en\\\/#\\\/schema\\\/logo\\\/image\\\/\"},\"sameAs\":[\"https:\\\/\\\/www.facebook.com\\\/carnavaldemiguelturra\\\/\",\"https:\\\/\\\/www.instagram.com\\\/carnavaldemiguelturra\\\/\"]},{\"@type\":\"Person\",\"@id\":\"https:\\\/\\\/carnavaldemiguelturra.es\\\/en\\\/#\\\/schema\\\/person\\\/2c5684c732847b779f19c55d751d211b\",\"name\":\"Berna Mart\u00ednez Romero\",\"sameAs\":[\"https:\\\/\\\/www.facebook.com\\\/berna.martinezromero\"],\"url\":\"https:\\\/\\\/carnavaldemiguelturra.es\\\/en\\\/author\\\/berna\\\/\"}]}<\/script>\n<!-- \/ Yoast SEO plugin. -->","yoast_head_json":{"title":"Presentation of Major Masks 2025 | Carnival of Miguelturra","description":"Berna and Esther will be the Major Masks of the Miguelturra Carnival 2025, on March 1st their proclamation will be at the Carnival Palace.","robots":{"index":"index","follow":"follow","max-snippet":"max-snippet:-1","max-image-preview":"max-image-preview:large","max-video-preview":"max-video-preview:-1"},"canonical":"https:\/\/carnavaldemiguelturra.es\/en\/presentacion-mascaras-mayores-2025\/","og_locale":"en_US","og_type":"article","og_title":"Presentation of Major Masks 2025 | Carnival of Miguelturra","og_description":"Berna and Esther will be the Major Masks of the Miguelturra Carnival 2025, on March 1st their proclamation will be at the Carnival Palace.","og_url":"https:\/\/carnavaldemiguelturra.es\/en\/presentacion-mascaras-mayores-2025\/","og_site_name":"Carnival of Miguelturra","article_publisher":"https:\/\/www.facebook.com\/carnavaldemiguelturra\/","article_author":"https:\/\/www.facebook.com\/berna.martinezromero","article_published_time":"2024-10-08T12:28:10+00:00","article_modified_time":"2025-07-23T12:55:56+00:00","og_image":[{"width":800,"height":533,"url":"https:\/\/carnavaldemiguelturra.es\/wp-content\/uploads\/2024\/10\/carnaval-miguelturra-prensa-mascaras-mayores-2025.jpg","type":"image\/jpeg"}],"author":"Berna Mart\u00ednez Romero","twitter_card":"summary_large_image","twitter_misc":{"Written by":"Berna Mart\u00ednez Romero","Est. reading time":"12 minutes"},"schema":{"@context":"https:\/\/schema.org","@graph":[{"@type":"NewsArticle","@id":"https:\/\/carnavaldemiguelturra.es\/en\/presentacion-mascaras-mayores-2025\/#article","isPartOf":{"@id":"https:\/\/carnavaldemiguelturra.es\/en\/presentacion-mascaras-mayores-2025\/"},"author":{"name":"Berna Mart\u00ednez Romero","@id":"https:\/\/carnavaldemiguelturra.es\/en\/#\/schema\/person\/2c5684c732847b779f19c55d751d211b"},"headline":"Presentation of Major Masks 2025","datePublished":"2024-10-08T12:28:10+00:00","dateModified":"2025-07-23T12:55:56+00:00","mainEntityOfPage":{"@id":"https:\/\/carnavaldemiguelturra.es\/en\/presentacion-mascaras-mayores-2025\/"},"wordCount":1769,"publisher":{"@id":"https:\/\/carnavaldemiguelturra.es\/en\/#organization"},"image":{"@id":"https:\/\/carnavaldemiguelturra.es\/en\/presentacion-mascaras-mayores-2025\/#primaryimage"},"thumbnailUrl":"https:\/\/carnavaldemiguelturra.es\/wp-content\/uploads\/2024\/10\/carnaval-miguelturra-prensa-mascaras-mayores-2025.jpg","keywords":["Carnival","Carnival of Miguelturra","Miguelturra","News"],"articleSection":["News"],"inLanguage":"en-US"},{"@type":["WebPage","ItemPage"],"@id":"https:\/\/carnavaldemiguelturra.es\/en\/presentacion-mascaras-mayores-2025\/","url":"https:\/\/carnavaldemiguelturra.es\/en\/presentacion-mascaras-mayores-2025\/","name":"Presentation of Major Masks 2025 | Carnival of Miguelturra","isPartOf":{"@id":"https:\/\/carnavaldemiguelturra.es\/en\/#website"},"primaryImageOfPage":{"@id":"https:\/\/carnavaldemiguelturra.es\/en\/presentacion-mascaras-mayores-2025\/#primaryimage"},"image":{"@id":"https:\/\/carnavaldemiguelturra.es\/en\/presentacion-mascaras-mayores-2025\/#primaryimage"},"thumbnailUrl":"https:\/\/carnavaldemiguelturra.es\/wp-content\/uploads\/2024\/10\/carnaval-miguelturra-prensa-mascaras-mayores-2025.jpg","datePublished":"2024-10-08T12:28:10+00:00","dateModified":"2025-07-23T12:55:56+00:00","description":"Berna and Esther will be the Major Masks of the Miguelturra Carnival 2025, on March 1st their proclamation will be at the Carnival Palace.","breadcrumb":{"@id":"https:\/\/carnavaldemiguelturra.es\/en\/presentacion-mascaras-mayores-2025\/#breadcrumb"},"inLanguage":"en-US","potentialAction":[{"@type":"ReadAction","target":["https:\/\/carnavaldemiguelturra.es\/en\/presentacion-mascaras-mayores-2025\/"]}]},{"@type":"ImageObject","inLanguage":"en-US","@id":"https:\/\/carnavaldemiguelturra.es\/en\/presentacion-mascaras-mayores-2025\/#primaryimage","url":"https:\/\/carnavaldemiguelturra.es\/wp-content\/uploads\/2024\/10\/carnaval-miguelturra-prensa-mascaras-mayores-2025.jpg","contentUrl":"https:\/\/carnavaldemiguelturra.es\/wp-content\/uploads\/2024\/10\/carnaval-miguelturra-prensa-mascaras-mayores-2025.jpg","width":800,"height":533,"caption":"carnival-miguelturra-masks-major-2025"},{"@type":"BreadcrumbList","@id":"https:\/\/carnavaldemiguelturra.es\/en\/presentacion-mascaras-mayores-2025\/#breadcrumb","itemListElement":[{"@type":"ListItem","position":1,"name":"Cover","item":"https:\/\/carnavaldemiguelturra.es\/en\/inicio\/"},{"@type":"ListItem","position":2,"name":"Presentation of Major Masks 2025"}]},{"@type":"WebSite","@id":"https:\/\/carnavaldemiguelturra.es\/en\/#website","url":"https:\/\/carnavaldemiguelturra.es\/en\/","name":"Carnaval de Miguelturra","description":"History of Miguelturra Carnival","publisher":{"@id":"https:\/\/carnavaldemiguelturra.es\/en\/#organization"},"potentialAction":[{"@type":"SearchAction","target":{"@type":"EntryPoint","urlTemplate":"https:\/\/carnavaldemiguelturra.es\/en\/?s={search_term_string}"},"query-input":{"@type":"PropertyValueSpecification","valueRequired":true,"valueName":"search_term_string"}}],"inLanguage":"en-US"},{"@type":"Organization","@id":"https:\/\/carnavaldemiguelturra.es\/en\/#organization","name":"carnivaldemiguelturra.es Association","url":"https:\/\/carnavaldemiguelturra.es\/en\/","logo":{"@type":"ImageObject","inLanguage":"en-US","@id":"https:\/\/carnavaldemiguelturra.es\/en\/#\/schema\/logo\/image\/","url":"https:\/\/carnavaldemiguelturra.es\/wp-content\/uploads\/2018\/08\/logo-grande.jpg","contentUrl":"https:\/\/carnavaldemiguelturra.es\/wp-content\/uploads\/2018\/08\/logo-grande.jpg","width":800,"height":600,"caption":"carnivaldemiguelturra.es Association"},"image":{"@id":"https:\/\/carnavaldemiguelturra.es\/en\/#\/schema\/logo\/image\/"},"sameAs":["https:\/\/www.facebook.com\/carnavaldemiguelturra\/","https:\/\/www.instagram.com\/carnavaldemiguelturra\/"]},{"@type":"Person","@id":"https:\/\/carnavaldemiguelturra.es\/en\/#\/schema\/person\/2c5684c732847b779f19c55d751d211b","name":"Berna Mart\u00ednez Romero","sameAs":["https:\/\/www.facebook.com\/berna.martinezromero"],"url":"https:\/\/carnavaldemiguelturra.es\/en\/author\/berna\/"}]}},"_links":{"self":[{"href":"https:\/\/carnavaldemiguelturra.es\/en\/wp-json\/wp\/v2\/posts\/67219","targetHints":{"allow":["GET"]}}],"collection":[{"href":"https:\/\/carnavaldemiguelturra.es\/en\/wp-json\/wp\/v2\/posts"}],"about":[{"href":"https:\/\/carnavaldemiguelturra.es\/en\/wp-json\/wp\/v2\/types\/post"}],"author":[{"embeddable":true,"href":"https:\/\/carnavaldemiguelturra.es\/en\/wp-json\/wp\/v2\/users\/2"}],"replies":[{"embeddable":true,"href":"https:\/\/carnavaldemiguelturra.es\/en\/wp-json\/wp\/v2\/comments?post=67219"}],"version-history":[{"count":0,"href":"https:\/\/carnavaldemiguelturra.es\/en\/wp-json\/wp\/v2\/posts\/67219\/revisions"}],"wp:featuredmedia":[{"embeddable":true,"href":"https:\/\/carnavaldemiguelturra.es\/en\/wp-json\/wp\/v2\/media\/66937"}],"wp:attachment":[{"href":"https:\/\/carnavaldemiguelturra.es\/en\/wp-json\/wp\/v2\/media?parent=67219"}],"wp:term":[{"taxonomy":"category","embeddable":true,"href":"https:\/\/carnavaldemiguelturra.es\/en\/wp-json\/wp\/v2\/categories?post=67219"},{"taxonomy":"post_tag","embeddable":true,"href":"https:\/\/carnavaldemiguelturra.es\/en\/wp-json\/wp\/v2\/tags?post=67219"}],"curies":[{"name":"wp","href":"https:\/\/api.w.org\/{rel}","templated":true}]}}