{"id":67520,"date":"2025-02-11T09:48:10","date_gmt":"2025-02-11T08:48:10","guid":{"rendered":"https:\/\/carnavaldemiguelturra.es\/presentacion-jornadas-culturales-2025\/"},"modified":"2025-07-07T11:19:46","modified_gmt":"2025-07-07T09:19:46","slug":"presentacion-jornadas-culturales-2025","status":"publish","type":"post","link":"https:\/\/carnavaldemiguelturra.es\/en\/presentacion-jornadas-culturales-2025\/","title":{"rendered":"III Cultural Days of the Miguelturra Carnival"},"content":{"rendered":"\n<style type=\"text\/css\" data-created_by=\"avia_inline_auto\" id=\"style-css-av-2tr97lm-27a7a582bda7b21dafd95f7e7d761816\">\n.flex_column.av-2tr97lm-27a7a582bda7b21dafd95f7e7d761816{\nborder-radius:0px 0px 0px 0px;\npadding:0px 2% 0px 0px;\n}\n<\/style>\n<div  class='flex_column av-2tr97lm-27a7a582bda7b21dafd95f7e7d761816 av_one_fifth  avia-builder-el-0  el_before_av_four_fifth  avia-builder-el-first  first no_margin flex_column_div  '     ><p>\n<style type=\"text\/css\" data-created_by=\"avia_inline_auto\" id=\"style-css-av-lsdoi628-284e1f3438c88ad59e07f879b609f3bc\">\n.avia-image-container.av-lsdoi628-284e1f3438c88ad59e07f879b609f3bc img.avia_image{\nbox-shadow:none;\n}\n.avia-image-container.av-lsdoi628-284e1f3438c88ad59e07f879b609f3bc .av-image-caption-overlay-center{\ncolor:#ffffff;\n}\n<\/style>\n<div  class='avia-image-container av-lsdoi628-284e1f3438c88ad59e07f879b609f3bc av-styling- av-img-linked avia-align-center  avia-builder-el-1  el_before_av_image  avia-builder-el-first '   itemprop=\"image\" itemscope=\"itemscope\" itemtype=\"https:\/\/schema.org\/ImageObject\" ><div class=\"avia-image-container-inner\"><div class=\"avia-image-overlay-wrap\"><a href=\"https:\/\/carnavaldemiguelturra.es\/wp-content\/uploads\/2025\/02\/carnaval-miguelturra-III-jornadas-cartel.jpg\" class='avia_image '  aria-label='III Cultural Days of the Miguelturra Carnival'><img decoding=\"async\" loading=\"lazy\" class='wp-image-67496 avia-img-lazy-loading-67496 avia_image ' src=\"https:\/\/carnavaldemiguelturra.es\/wp-content\/uploads\/2025\/02\/carnaval-miguelturra-III-jornadas-cartel.jpg\" alt='carnaval-miguelturra-III-cultural-poster' title='III Cultural Days of the Miguelturra Carnival'  height=\"800\" width=\"565\"  itemprop=\"thumbnailUrl\"  \/><\/a><\/div><\/div><\/div><br \/>\n\n<style type=\"text\/css\" data-created_by=\"avia_inline_auto\" id=\"style-css-av-m733lzca-1bf530a93a7063b21f0a446f18ac8249\">\n.avia-image-container.av-m733lzca-1bf530a93a7063b21f0a446f18ac8249 img.avia_image{\nbox-shadow:none;\n}\n.avia-image-container.av-m733lzca-1bf530a93a7063b21f0a446f18ac8249 .av-image-caption-overlay-center{\ncolor:#ffffff;\n}\n<\/style>\n<div  class='avia-image-container av-m733lzca-1bf530a93a7063b21f0a446f18ac8249 av-styling- av-img-linked avia-align-center  avia-builder-el-2  el_after_av_image  el_before_av_image '   itemprop=\"image\" itemscope=\"itemscope\" itemtype=\"https:\/\/schema.org\/ImageObject\" ><div class=\"avia-image-container-inner\"><div class=\"avia-image-overlay-wrap\"><a href=\"https:\/\/carnavaldemiguelturra.es\/wp-content\/uploads\/2025\/02\/carnaval-miguelturra-III-jornadas-maridaje.jpg\" class='avia_image '  aria-label='Pre-Carnival 2025. Tasting with pairing'><img decoding=\"async\" loading=\"lazy\" class='wp-image-67494 avia-img-lazy-loading-67494 avia_image ' src=\"https:\/\/carnavaldemiguelturra.es\/wp-content\/uploads\/2025\/02\/carnaval-miguelturra-III-jornadas-maridaje.jpg\" alt='carnival-miguelturra-III-pairing-days' title='Pre-Carnival 2025. Tasting with pairing'  height=\"800\" width=\"800\"  itemprop=\"thumbnailUrl\"  \/><\/a><\/div><\/div><\/div><br \/>\n\n<style type=\"text\/css\" data-created_by=\"avia_inline_auto\" id=\"style-css-av-m733m8gq-5ac509e29bb70638edbfd0357390ca95\">\n.avia-image-container.av-m733m8gq-5ac509e29bb70638edbfd0357390ca95 img.avia_image{\nbox-shadow:none;\n}\n.avia-image-container.av-m733m8gq-5ac509e29bb70638edbfd0357390ca95 .av-image-caption-overlay-center{\ncolor:#ffffff;\n}\n<\/style>\n<div  class='avia-image-container av-m733m8gq-5ac509e29bb70638edbfd0357390ca95 av-styling- av-img-linked avia-align-center  avia-builder-el-3  el_after_av_image  avia-builder-el-last '   itemprop=\"image\" itemscope=\"itemscope\" itemtype=\"https:\/\/schema.org\/ImageObject\" ><div class=\"avia-image-container-inner\"><div class=\"avia-image-overlay-wrap\"><a href=\"https:\/\/carnavaldemiguelturra.es\/wp-content\/uploads\/2025\/02\/carnaval-miguelturra-III-jornadas-fruta-sarten.jpg\" class='avia_image '  aria-label='Pre-Carnival 2025. The tradition of Frying Pan Fruit'><img decoding=\"async\" loading=\"lazy\" class='wp-image-67492 avia-img-lazy-loading-67492 avia_image ' src=\"https:\/\/carnavaldemiguelturra.es\/wp-content\/uploads\/2025\/02\/carnaval-miguelturra-III-jornadas-fruta-sarten.jpg\" alt='carnival-miguelturra-III-days-frying-pan-fruit' title='Pre-Carnival 2025. The tradition of Frying Pan Fruit'  height=\"800\" width=\"800\"  itemprop=\"thumbnailUrl\"  \/><\/a><\/div><\/div><\/div><\/p><\/div>\n\n<style type=\"text\/css\" data-created_by=\"avia_inline_auto\" id=\"style-css-av-9m2hiy-dd20ac2b130da79d75f477a9cd8114eb\">\n.flex_column.av-9m2hiy-dd20ac2b130da79d75f477a9cd8114eb{\nborder-radius:0px 0px 0px 0px;\npadding:0 0 0 0;\n}\n<\/style>\n<div  class='flex_column av-9m2hiy-dd20ac2b130da79d75f477a9cd8114eb av_four_fifth  avia-builder-el-4  el_after_av_one_fifth  el_before_av_one_fifth  no_margin flex_column_div av-zero-column-padding  '     ><section  class='av_textblock_section av-lsdoiia0-e77ed03e92ee7819ee4f720776916584 '   itemscope=\"itemscope\" itemtype=\"https:\/\/schema.org\/BlogPosting\" itemprop=\"blogPost\" ><div class='avia_textblock blockquote'  itemprop=\"text\" ><p style=\"font-size: 1.235em; line-height: 1.5em; border-left-style: solid; border-left-width: 7px; margin-bottom: 1em; margin-right: 1em; padding-left: 20px; border-color: #719430;\">III Cultural Days of the Miguelturra Carnival<\/p>\n<\/div><\/section><br \/>\n<section  class='av_textblock_section av-lsdojovu-7db27d75f72bf0f56b0fcb2828324688 '   itemscope=\"itemscope\" itemtype=\"https:\/\/schema.org\/BlogPosting\" itemprop=\"blogPost\" ><div class='avia_textblock'  itemprop=\"text\" ><h4>Conferences, live cooking, tastings with history, workshops and <strong>dramatized <\/strong>visits<\/h4>\n<\/div><\/section><br \/>\n<section  class='av_textblock_section av-lsdphehr-5a165c0c1468cb68b41e9e17bf7ce397 '   itemscope=\"itemscope\" itemtype=\"https:\/\/schema.org\/BlogPosting\" itemprop=\"blogPost\" ><div class='avia_textblock'  itemprop=\"text\" ><p style=\"text-align: justify;\">To the eleven days that our carnival lasts this year, we add a week of Pre-Carnival with cultural days<\/p>\n<p style=\"text-align: justify;\">Francisco Manuel Peco, director of the events, and Carmen Mar\u00eda Moh\u00edno, Councilor for Celebrations, presented the events that include a varied menu of activities prior to the carnival.<\/p>\n<p style=\"text-align: justify;\">The 3rd Carnival Cultural Days will have two distinct venues. The first part will feature historical tastings, which will be held on February 18, 19, and 20 at the Taskarnaval tavern, entitled &#8220;Among Masks and Vineyards, a Taste of Carnival History.&#8221; The second part will feature the traditional events on February 21, 22, and 23, with the Carnival Palace as the main venue.  <\/p>\n<p style=\"text-align: justify;\">The tastings will consist of four tapas, accompanied by wines related to each of the carnival stories and priced at 14 euros.<\/p>\n<p style=\"text-align: justify;\">The conference begins on Friday, February 21 at 5:30 p.m. with the reception of participants and a visit to the Carnival Museum.<\/p>\n<h4>The Almad\u00e9n carnival is present at the cultural events<\/h4>\n<p style=\"text-align: justify;\">At 6:00 p.m., the opening ceremony will include a talk by the director of the event, entitled &#8220;Carnivals in the Province of Ciudad Real&#8221;. This will be followed by a discussion with Eduardo Manuel Garc\u00eda about the Almad\u00e9n Carnival. Following the talk, the panel discussion will begin, entitled &#8220;Mask, Joke, and Satire Today&#8221;. The first day will conclude with a dramatized tour by Flauti Flauti Teatro at 8:30 p.m.   <\/p>\n<p style=\"text-align: justify;\">On Saturday, February 22nd, at 10:30 a.m., a conference will be held, &#8220;Masks and Silences: The Miguelturra Carnival in the Press (1845-1980)&#8221;, with Rafael S\u00e1nchez as the speaker. Later, Rom\u00e1n Gonz\u00e1lez will discuss &#8220;Music in Carnival&#8221;, with a panel discussion on the Major Masks. <\/p>\n<p style=\"text-align: justify;\">Starting at 12:30 p.m. we will have a children&#8217;s street mask workshop led by Flauti Flauti Teatro and a frying pan fruit master class led by Rita G\u00f3mez.<\/p>\n<p>The morning session on Saturday will end with the conference &#8216;The mask: meanings, myths and symbolism&#8217; with Jos\u00e9 Ram\u00f3n Gonz\u00e1lez Fern\u00e1ndez.<\/p>\n<p style=\"text-align: justify;\">Later in the afternoon, starting at 5:00 p.m., there will be a debate on the history of the Churriego carnival, and at 5:45 p.m., the chirigota from the Pe\u00f1a Los Cansaliebres will perform the pasodoble &#8220;In the History of My Town&#8221;. This pasodoble is dedicated to the Carnival Kings, Gorn\u00e9s, Amalio, and Seraf\u00edn. <\/p>\n<p style=\"text-align: justify;\">Around 6:30 p.m., official closing of the conference.<\/p>\n<p style=\"text-align: justify;\">The dramatized visits will continue on Saturday at 7:00 p.m. and Sunday at 12:00 p.m., closing these third cultural days of the Miguelturra Carnival.<\/p>\n<\/div><\/section><\/p><\/div><div  class='flex_column av-26hv196-ecde149ba0df29dfac18b5e4885f36eb av_one_fifth  avia-builder-el-8  el_after_av_four_fifth  el_before_av_four_fifth  first flex_column_div  '     ><\/div><\/p>\n<div  class='flex_column av-1m4f54q-442224e7d97d63c73b24490bf656b8b6 av_four_fifth  avia-builder-el-9  el_after_av_one_fifth  avia-builder-el-last  flex_column_div  '     ><p>\n<style type=\"text\/css\" data-created_by=\"avia_inline_auto\" id=\"style-css-av-13n9o3e-54f4fd14f9d427623750db75e926effc\">\n#top .hr.av-13n9o3e-54f4fd14f9d427623750db75e926effc{\nmargin-top:15px;\nmargin-bottom:15px;\n}\n.hr.av-13n9o3e-54f4fd14f9d427623750db75e926effc .hr-inner{\nwidth:50px;\n}\n<\/style>\n<div  class='hr av-13n9o3e-54f4fd14f9d427623750db75e926effc hr-custom  avia-builder-el-10  el_before_av_social_share  avia-builder-el-first  hr-center hr-icon-no'><span class='hr-inner inner-border-av-border-none'><span class=\"hr-inner-style\"><\/span><\/span><\/div><br \/>\n<div  class='av-social-sharing-box av-mwkkey-c5a6714cf6d8992f3b84a3549c9088ab av-social-sharing-box-default  avia-builder-el-11  el_after_av_hr  avia-builder-el-last  av-social-sharing-box-fullwidth'><div class=\"av-share-box\"><h5 class='av-share-link-description av-no-toc '>Share this post<\/h5><ul class=\"av-share-box-list noLightbox\"><li class='av-share-link av-social-link-facebook avia_social_iconfont' ><a target=\"_blank\" aria-label=\"Share on Facebook\" href='https:\/\/www.facebook.com\/sharer.php?u=https:\/\/carnavaldemiguelturra.es\/en\/presentacion-jornadas-culturales-2025\/&#038;t=III%20Cultural%20Days%20of%20the%20Miguelturra%20Carnival' data-av_icon='\ue8f3' data-av_iconfont='entypo-fontello'  title='' data-avia-related-tooltip='Share on Facebook'><span class='avia_hidden_link_text'>Share on Facebook<\/span><\/a><\/li><li class='av-share-link av-social-link-square-x-twitter avia_social_iconfont' ><a target=\"_blank\" aria-label=\"Share on X\" href='https:\/\/twitter.com\/share?text=III%20Cultural%20Days%20of%20the%20Miguelturra%20Carnival&#038;url=https:\/\/carnavaldemiguelturra.es\/en\/?p=67520' data-av_icon='\ue933' data-av_iconfont='entypo-fontello'  title='' data-avia-related-tooltip='Share on X'><span class='avia_hidden_link_text'>Share on X<\/span><\/a><\/li><li class='av-share-link av-social-link-whatsapp avia_social_iconfont' ><a target=\"_blank\" aria-label=\"Share on WhatsApp\" href='https:\/\/api.whatsapp.com\/send?text=https:\/\/carnavaldemiguelturra.es\/en\/presentacion-jornadas-culturales-2025\/' data-av_icon='\uf232' data-av_iconfont='entypo-fontello'  title='' data-avia-related-tooltip='Share on WhatsApp'><span class='avia_hidden_link_text'>Share on WhatsApp<\/span><\/a><\/li><\/ul><\/div><\/div><\/p><\/div>\n","protected":false},"excerpt":{"rendered":"<p>Conferences, live cooking, tastings with history, workshops and dramatized visits<\/p>\n","protected":false},"author":2,"featured_media":67496,"comment_status":"closed","ping_status":"closed","sticky":false,"template":"","format":"quote","meta":{"ngg_post_thumbnail":0,"footnotes":""},"categories":[109],"tags":[248,155,154,156,246],"class_list":["post-67520","post","type-post","status-publish","format-quote","has-post-thumbnail","hentry","category-noticias-en","tag-blog-en","tag-carnival","tag-carnival-of-miguelturra","tag-miguelturra-en","tag-news","post_format-post-format-quote"],"yoast_head":"<!-- This site is optimized with the Yoast SEO plugin v27.5 - https:\/\/yoast.com\/product\/yoast-seo-wordpress\/ -->\n<title>III Cultural Days of the Miguelturra Carnival | Carnival of Miguelturra<\/title>\n<meta name=\"description\" content=\"Conferences, live cooking, historical tastings, workshops and dramatized visits are the most notable activities.\" \/>\n<meta name=\"robots\" content=\"index, follow, max-snippet:-1, max-image-preview:large, max-video-preview:-1\" \/>\n<link rel=\"canonical\" href=\"https:\/\/carnavaldemiguelturra.es\/en\/presentacion-jornadas-culturales-2025\/\" \/>\n<meta property=\"og:locale\" content=\"en_US\" \/>\n<meta property=\"og:type\" content=\"article\" \/>\n<meta property=\"og:title\" content=\"III Cultural Days of the Miguelturra Carnival | Carnival of Miguelturra\" \/>\n<meta property=\"og:description\" content=\"Conferences, live cooking, historical tastings, workshops and dramatized visits are the most notable activities.\" \/>\n<meta property=\"og:url\" content=\"https:\/\/carnavaldemiguelturra.es\/en\/presentacion-jornadas-culturales-2025\/\" \/>\n<meta property=\"og:site_name\" content=\"Carnival of Miguelturra\" \/>\n<meta property=\"article:publisher\" content=\"https:\/\/www.facebook.com\/carnavaldemiguelturra\/\" \/>\n<meta property=\"article:author\" content=\"https:\/\/www.facebook.com\/berna.martinezromero\" \/>\n<meta property=\"article:published_time\" content=\"2025-02-11T08:48:10+00:00\" \/>\n<meta property=\"article:modified_time\" content=\"2025-07-07T09:19:46+00:00\" \/>\n<meta property=\"og:image\" content=\"https:\/\/carnavaldemiguelturra.es\/wp-content\/uploads\/2025\/02\/carnaval-miguelturra-III-jornadas-cartel.jpg\" \/>\n\t<meta property=\"og:image:width\" content=\"565\" \/>\n\t<meta property=\"og:image:height\" content=\"800\" \/>\n\t<meta property=\"og:image:type\" content=\"image\/jpeg\" \/>\n<meta name=\"author\" content=\"Berna Mart\u00ednez Romero\" \/>\n<meta name=\"twitter:card\" content=\"summary_large_image\" \/>\n<meta name=\"twitter:label1\" content=\"Written by\" \/>\n\t<meta name=\"twitter:data1\" content=\"Berna Mart\u00ednez Romero\" \/>\n\t<meta name=\"twitter:label2\" content=\"Est. reading time\" \/>\n\t<meta name=\"twitter:data2\" content=\"16 minutes\" \/>\n<script type=\"application\/ld+json\" class=\"yoast-schema-graph\">{\"@context\":\"https:\\\/\\\/schema.org\",\"@graph\":[{\"@type\":\"NewsArticle\",\"@id\":\"https:\\\/\\\/carnavaldemiguelturra.es\\\/en\\\/presentacion-jornadas-culturales-2025\\\/#article\",\"isPartOf\":{\"@id\":\"https:\\\/\\\/carnavaldemiguelturra.es\\\/en\\\/presentacion-jornadas-culturales-2025\\\/\"},\"author\":{\"name\":\"Berna Mart\u00ednez Romero\",\"@id\":\"https:\\\/\\\/carnavaldemiguelturra.es\\\/en\\\/#\\\/schema\\\/person\\\/2c5684c732847b779f19c55d751d211b\"},\"headline\":\"III Cultural Days of the Miguelturra Carnival\",\"datePublished\":\"2025-02-11T08:48:10+00:00\",\"dateModified\":\"2025-07-07T09:19:46+00:00\",\"mainEntityOfPage\":{\"@id\":\"https:\\\/\\\/carnavaldemiguelturra.es\\\/en\\\/presentacion-jornadas-culturales-2025\\\/\"},\"wordCount\":2390,\"publisher\":{\"@id\":\"https:\\\/\\\/carnavaldemiguelturra.es\\\/en\\\/#organization\"},\"image\":{\"@id\":\"https:\\\/\\\/carnavaldemiguelturra.es\\\/en\\\/presentacion-jornadas-culturales-2025\\\/#primaryimage\"},\"thumbnailUrl\":\"https:\\\/\\\/carnavaldemiguelturra.es\\\/wp-content\\\/uploads\\\/2025\\\/02\\\/carnaval-miguelturra-III-jornadas-cartel.jpg\",\"keywords\":[\"Blog\",\"Carnival\",\"Carnival of Miguelturra\",\"Miguelturra\",\"News\"],\"articleSection\":[\"News\"],\"inLanguage\":\"en-US\"},{\"@type\":[\"WebPage\",\"ItemPage\"],\"@id\":\"https:\\\/\\\/carnavaldemiguelturra.es\\\/en\\\/presentacion-jornadas-culturales-2025\\\/\",\"url\":\"https:\\\/\\\/carnavaldemiguelturra.es\\\/en\\\/presentacion-jornadas-culturales-2025\\\/\",\"name\":\"III Cultural Days of the Miguelturra Carnival | Carnival of Miguelturra\",\"isPartOf\":{\"@id\":\"https:\\\/\\\/carnavaldemiguelturra.es\\\/en\\\/#website\"},\"primaryImageOfPage\":{\"@id\":\"https:\\\/\\\/carnavaldemiguelturra.es\\\/en\\\/presentacion-jornadas-culturales-2025\\\/#primaryimage\"},\"image\":{\"@id\":\"https:\\\/\\\/carnavaldemiguelturra.es\\\/en\\\/presentacion-jornadas-culturales-2025\\\/#primaryimage\"},\"thumbnailUrl\":\"https:\\\/\\\/carnavaldemiguelturra.es\\\/wp-content\\\/uploads\\\/2025\\\/02\\\/carnaval-miguelturra-III-jornadas-cartel.jpg\",\"datePublished\":\"2025-02-11T08:48:10+00:00\",\"dateModified\":\"2025-07-07T09:19:46+00:00\",\"description\":\"Conferences, live cooking, historical tastings, workshops and dramatized visits are the most notable activities.\",\"breadcrumb\":{\"@id\":\"https:\\\/\\\/carnavaldemiguelturra.es\\\/en\\\/presentacion-jornadas-culturales-2025\\\/#breadcrumb\"},\"inLanguage\":\"en-US\",\"potentialAction\":[{\"@type\":\"ReadAction\",\"target\":[\"https:\\\/\\\/carnavaldemiguelturra.es\\\/en\\\/presentacion-jornadas-culturales-2025\\\/\"]}]},{\"@type\":\"ImageObject\",\"inLanguage\":\"en-US\",\"@id\":\"https:\\\/\\\/carnavaldemiguelturra.es\\\/en\\\/presentacion-jornadas-culturales-2025\\\/#primaryimage\",\"url\":\"https:\\\/\\\/carnavaldemiguelturra.es\\\/wp-content\\\/uploads\\\/2025\\\/02\\\/carnaval-miguelturra-III-jornadas-cartel.jpg\",\"contentUrl\":\"https:\\\/\\\/carnavaldemiguelturra.es\\\/wp-content\\\/uploads\\\/2025\\\/02\\\/carnaval-miguelturra-III-jornadas-cartel.jpg\",\"width\":565,\"height\":800,\"caption\":\"carnaval-miguelturra-III-cultural-poster\"},{\"@type\":\"BreadcrumbList\",\"@id\":\"https:\\\/\\\/carnavaldemiguelturra.es\\\/en\\\/presentacion-jornadas-culturales-2025\\\/#breadcrumb\",\"itemListElement\":[{\"@type\":\"ListItem\",\"position\":1,\"name\":\"Cover\",\"item\":\"https:\\\/\\\/carnavaldemiguelturra.es\\\/en\\\/inicio\\\/\"},{\"@type\":\"ListItem\",\"position\":2,\"name\":\"III Cultural Days of the Miguelturra Carnival\"}]},{\"@type\":\"WebSite\",\"@id\":\"https:\\\/\\\/carnavaldemiguelturra.es\\\/en\\\/#website\",\"url\":\"https:\\\/\\\/carnavaldemiguelturra.es\\\/en\\\/\",\"name\":\"Carnaval de Miguelturra\",\"description\":\"History of Miguelturra Carnival\",\"publisher\":{\"@id\":\"https:\\\/\\\/carnavaldemiguelturra.es\\\/en\\\/#organization\"},\"potentialAction\":[{\"@type\":\"SearchAction\",\"target\":{\"@type\":\"EntryPoint\",\"urlTemplate\":\"https:\\\/\\\/carnavaldemiguelturra.es\\\/en\\\/?s={search_term_string}\"},\"query-input\":{\"@type\":\"PropertyValueSpecification\",\"valueRequired\":true,\"valueName\":\"search_term_string\"}}],\"inLanguage\":\"en-US\"},{\"@type\":\"Organization\",\"@id\":\"https:\\\/\\\/carnavaldemiguelturra.es\\\/en\\\/#organization\",\"name\":\"carnivaldemiguelturra.es Association\",\"url\":\"https:\\\/\\\/carnavaldemiguelturra.es\\\/en\\\/\",\"logo\":{\"@type\":\"ImageObject\",\"inLanguage\":\"en-US\",\"@id\":\"https:\\\/\\\/carnavaldemiguelturra.es\\\/en\\\/#\\\/schema\\\/logo\\\/image\\\/\",\"url\":\"https:\\\/\\\/carnavaldemiguelturra.es\\\/wp-content\\\/uploads\\\/2018\\\/08\\\/logo-grande.jpg\",\"contentUrl\":\"https:\\\/\\\/carnavaldemiguelturra.es\\\/wp-content\\\/uploads\\\/2018\\\/08\\\/logo-grande.jpg\",\"width\":800,\"height\":600,\"caption\":\"carnivaldemiguelturra.es Association\"},\"image\":{\"@id\":\"https:\\\/\\\/carnavaldemiguelturra.es\\\/en\\\/#\\\/schema\\\/logo\\\/image\\\/\"},\"sameAs\":[\"https:\\\/\\\/www.facebook.com\\\/carnavaldemiguelturra\\\/\",\"https:\\\/\\\/www.instagram.com\\\/carnavaldemiguelturra\\\/\"]},{\"@type\":\"Person\",\"@id\":\"https:\\\/\\\/carnavaldemiguelturra.es\\\/en\\\/#\\\/schema\\\/person\\\/2c5684c732847b779f19c55d751d211b\",\"name\":\"Berna Mart\u00ednez Romero\",\"sameAs\":[\"https:\\\/\\\/www.facebook.com\\\/berna.martinezromero\"],\"url\":\"https:\\\/\\\/carnavaldemiguelturra.es\\\/en\\\/author\\\/berna\\\/\"}]}<\/script>\n<!-- \/ Yoast SEO plugin. -->","yoast_head_json":{"title":"III Cultural Days of the Miguelturra Carnival | Carnival of Miguelturra","description":"Conferences, live cooking, historical tastings, workshops and dramatized visits are the most notable activities.","robots":{"index":"index","follow":"follow","max-snippet":"max-snippet:-1","max-image-preview":"max-image-preview:large","max-video-preview":"max-video-preview:-1"},"canonical":"https:\/\/carnavaldemiguelturra.es\/en\/presentacion-jornadas-culturales-2025\/","og_locale":"en_US","og_type":"article","og_title":"III Cultural Days of the Miguelturra Carnival | Carnival of Miguelturra","og_description":"Conferences, live cooking, historical tastings, workshops and dramatized visits are the most notable activities.","og_url":"https:\/\/carnavaldemiguelturra.es\/en\/presentacion-jornadas-culturales-2025\/","og_site_name":"Carnival of Miguelturra","article_publisher":"https:\/\/www.facebook.com\/carnavaldemiguelturra\/","article_author":"https:\/\/www.facebook.com\/berna.martinezromero","article_published_time":"2025-02-11T08:48:10+00:00","article_modified_time":"2025-07-07T09:19:46+00:00","og_image":[{"width":565,"height":800,"url":"https:\/\/carnavaldemiguelturra.es\/wp-content\/uploads\/2025\/02\/carnaval-miguelturra-III-jornadas-cartel.jpg","type":"image\/jpeg"}],"author":"Berna Mart\u00ednez Romero","twitter_card":"summary_large_image","twitter_misc":{"Written by":"Berna Mart\u00ednez Romero","Est. reading time":"16 minutes"},"schema":{"@context":"https:\/\/schema.org","@graph":[{"@type":"NewsArticle","@id":"https:\/\/carnavaldemiguelturra.es\/en\/presentacion-jornadas-culturales-2025\/#article","isPartOf":{"@id":"https:\/\/carnavaldemiguelturra.es\/en\/presentacion-jornadas-culturales-2025\/"},"author":{"name":"Berna Mart\u00ednez Romero","@id":"https:\/\/carnavaldemiguelturra.es\/en\/#\/schema\/person\/2c5684c732847b779f19c55d751d211b"},"headline":"III Cultural Days of the Miguelturra Carnival","datePublished":"2025-02-11T08:48:10+00:00","dateModified":"2025-07-07T09:19:46+00:00","mainEntityOfPage":{"@id":"https:\/\/carnavaldemiguelturra.es\/en\/presentacion-jornadas-culturales-2025\/"},"wordCount":2390,"publisher":{"@id":"https:\/\/carnavaldemiguelturra.es\/en\/#organization"},"image":{"@id":"https:\/\/carnavaldemiguelturra.es\/en\/presentacion-jornadas-culturales-2025\/#primaryimage"},"thumbnailUrl":"https:\/\/carnavaldemiguelturra.es\/wp-content\/uploads\/2025\/02\/carnaval-miguelturra-III-jornadas-cartel.jpg","keywords":["Blog","Carnival","Carnival of Miguelturra","Miguelturra","News"],"articleSection":["News"],"inLanguage":"en-US"},{"@type":["WebPage","ItemPage"],"@id":"https:\/\/carnavaldemiguelturra.es\/en\/presentacion-jornadas-culturales-2025\/","url":"https:\/\/carnavaldemiguelturra.es\/en\/presentacion-jornadas-culturales-2025\/","name":"III Cultural Days of the Miguelturra Carnival | Carnival of Miguelturra","isPartOf":{"@id":"https:\/\/carnavaldemiguelturra.es\/en\/#website"},"primaryImageOfPage":{"@id":"https:\/\/carnavaldemiguelturra.es\/en\/presentacion-jornadas-culturales-2025\/#primaryimage"},"image":{"@id":"https:\/\/carnavaldemiguelturra.es\/en\/presentacion-jornadas-culturales-2025\/#primaryimage"},"thumbnailUrl":"https:\/\/carnavaldemiguelturra.es\/wp-content\/uploads\/2025\/02\/carnaval-miguelturra-III-jornadas-cartel.jpg","datePublished":"2025-02-11T08:48:10+00:00","dateModified":"2025-07-07T09:19:46+00:00","description":"Conferences, live cooking, historical tastings, workshops and dramatized visits are the most notable activities.","breadcrumb":{"@id":"https:\/\/carnavaldemiguelturra.es\/en\/presentacion-jornadas-culturales-2025\/#breadcrumb"},"inLanguage":"en-US","potentialAction":[{"@type":"ReadAction","target":["https:\/\/carnavaldemiguelturra.es\/en\/presentacion-jornadas-culturales-2025\/"]}]},{"@type":"ImageObject","inLanguage":"en-US","@id":"https:\/\/carnavaldemiguelturra.es\/en\/presentacion-jornadas-culturales-2025\/#primaryimage","url":"https:\/\/carnavaldemiguelturra.es\/wp-content\/uploads\/2025\/02\/carnaval-miguelturra-III-jornadas-cartel.jpg","contentUrl":"https:\/\/carnavaldemiguelturra.es\/wp-content\/uploads\/2025\/02\/carnaval-miguelturra-III-jornadas-cartel.jpg","width":565,"height":800,"caption":"carnaval-miguelturra-III-cultural-poster"},{"@type":"BreadcrumbList","@id":"https:\/\/carnavaldemiguelturra.es\/en\/presentacion-jornadas-culturales-2025\/#breadcrumb","itemListElement":[{"@type":"ListItem","position":1,"name":"Cover","item":"https:\/\/carnavaldemiguelturra.es\/en\/inicio\/"},{"@type":"ListItem","position":2,"name":"III Cultural Days of the Miguelturra Carnival"}]},{"@type":"WebSite","@id":"https:\/\/carnavaldemiguelturra.es\/en\/#website","url":"https:\/\/carnavaldemiguelturra.es\/en\/","name":"Carnaval de Miguelturra","description":"History of Miguelturra Carnival","publisher":{"@id":"https:\/\/carnavaldemiguelturra.es\/en\/#organization"},"potentialAction":[{"@type":"SearchAction","target":{"@type":"EntryPoint","urlTemplate":"https:\/\/carnavaldemiguelturra.es\/en\/?s={search_term_string}"},"query-input":{"@type":"PropertyValueSpecification","valueRequired":true,"valueName":"search_term_string"}}],"inLanguage":"en-US"},{"@type":"Organization","@id":"https:\/\/carnavaldemiguelturra.es\/en\/#organization","name":"carnivaldemiguelturra.es Association","url":"https:\/\/carnavaldemiguelturra.es\/en\/","logo":{"@type":"ImageObject","inLanguage":"en-US","@id":"https:\/\/carnavaldemiguelturra.es\/en\/#\/schema\/logo\/image\/","url":"https:\/\/carnavaldemiguelturra.es\/wp-content\/uploads\/2018\/08\/logo-grande.jpg","contentUrl":"https:\/\/carnavaldemiguelturra.es\/wp-content\/uploads\/2018\/08\/logo-grande.jpg","width":800,"height":600,"caption":"carnivaldemiguelturra.es Association"},"image":{"@id":"https:\/\/carnavaldemiguelturra.es\/en\/#\/schema\/logo\/image\/"},"sameAs":["https:\/\/www.facebook.com\/carnavaldemiguelturra\/","https:\/\/www.instagram.com\/carnavaldemiguelturra\/"]},{"@type":"Person","@id":"https:\/\/carnavaldemiguelturra.es\/en\/#\/schema\/person\/2c5684c732847b779f19c55d751d211b","name":"Berna Mart\u00ednez Romero","sameAs":["https:\/\/www.facebook.com\/berna.martinezromero"],"url":"https:\/\/carnavaldemiguelturra.es\/en\/author\/berna\/"}]}},"_links":{"self":[{"href":"https:\/\/carnavaldemiguelturra.es\/en\/wp-json\/wp\/v2\/posts\/67520","targetHints":{"allow":["GET"]}}],"collection":[{"href":"https:\/\/carnavaldemiguelturra.es\/en\/wp-json\/wp\/v2\/posts"}],"about":[{"href":"https:\/\/carnavaldemiguelturra.es\/en\/wp-json\/wp\/v2\/types\/post"}],"author":[{"embeddable":true,"href":"https:\/\/carnavaldemiguelturra.es\/en\/wp-json\/wp\/v2\/users\/2"}],"replies":[{"embeddable":true,"href":"https:\/\/carnavaldemiguelturra.es\/en\/wp-json\/wp\/v2\/comments?post=67520"}],"version-history":[{"count":0,"href":"https:\/\/carnavaldemiguelturra.es\/en\/wp-json\/wp\/v2\/posts\/67520\/revisions"}],"wp:featuredmedia":[{"embeddable":true,"href":"https:\/\/carnavaldemiguelturra.es\/en\/wp-json\/wp\/v2\/media\/67496"}],"wp:attachment":[{"href":"https:\/\/carnavaldemiguelturra.es\/en\/wp-json\/wp\/v2\/media?parent=67520"}],"wp:term":[{"taxonomy":"category","embeddable":true,"href":"https:\/\/carnavaldemiguelturra.es\/en\/wp-json\/wp\/v2\/categories?post=67520"},{"taxonomy":"post_tag","embeddable":true,"href":"https:\/\/carnavaldemiguelturra.es\/en\/wp-json\/wp\/v2\/tags?post=67520"}],"curies":[{"name":"wp","href":"https:\/\/api.w.org\/{rel}","templated":true}]}}