{"id":81989,"date":"2026-04-24T19:16:58","date_gmt":"2026-04-24T17:16:58","guid":{"rendered":"https:\/\/carnavaldemiguelturra.es\/premios-concurso-fotografia-2026\/"},"modified":"2026-04-29T10:16:05","modified_gmt":"2026-04-29T08:16:05","slug":"premios-concurso-fotografia-2026","status":"publish","type":"post","link":"https:\/\/carnavaldemiguelturra.es\/en\/premios-concurso-fotografia-2026\/","title":{"rendered":"2026 Photography Contest Awards Ceremony"},"content":{"rendered":"\n<style type=\"text\/css\" data-created_by=\"avia_inline_auto\" id=\"style-css-av-2te9x4a-6c474c721ebcc8ad22756b0e55fd2ab7\">\n.flex_column.av-2te9x4a-6c474c721ebcc8ad22756b0e55fd2ab7{\nborder-radius:0px 0px 0px 0px;\npadding:0px 2% 0px 0px;\n}\n<\/style>\n<div  class='flex_column av-2te9x4a-6c474c721ebcc8ad22756b0e55fd2ab7 av_one_fifth  avia-builder-el-0  el_before_av_four_fifth  avia-builder-el-first  first no_margin flex_column_div  '     ><style type=\"text\/css\" data-created_by=\"avia_inline_auto\" id=\"style-css-av-mb6tc1pf-37324d3c2bd5c8f1aa7a4c0386b3f938\">\n.avia-image-container.av-mb6tc1pf-37324d3c2bd5c8f1aa7a4c0386b3f938 img.avia_image{\nbox-shadow:none;\n}\n.avia-image-container.av-mb6tc1pf-37324d3c2bd5c8f1aa7a4c0386b3f938 .av-image-caption-overlay-center{\ncolor:#ffffff;\n}\n<\/style>\n<div  class='avia-image-container av-mb6tc1pf-37324d3c2bd5c8f1aa7a4c0386b3f938 av-styling- av-img-linked avia-align-center  avia-builder-el-1  avia-builder-el-no-sibling '   itemprop=\"image\" itemscope=\"itemscope\" itemtype=\"https:\/\/schema.org\/ImageObject\" ><div class=\"avia-image-container-inner\"><div class=\"avia-image-overlay-wrap\"><a href=\"https:\/\/carnavaldemiguelturra.es\/wp-content\/uploads\/2026\/04\/carnaval-miguelturra-fotografia-2026-006.jpg\" class='avia_image '  aria-label='2026. Awards ceremony for the XXVII Photography Contest'><img decoding=\"async\" loading=\"lazy\" class='wp-image-81980 avia-img-lazy-loading-81980 avia_image ' src=\"https:\/\/carnavaldemiguelturra.es\/wp-content\/uploads\/2026\/04\/carnaval-miguelturra-fotografia-2026-006.jpg\" alt='carnival-miguelturra-photography-2026' title='2026. Awards ceremony for the XXVII Photography Contest'  height=\"533\" width=\"800\"  itemprop=\"thumbnailUrl\"  \/><\/a><\/div><\/div><\/div><\/div>\n\n<style type=\"text\/css\" data-created_by=\"avia_inline_auto\" id=\"style-css-av-2hkn4qy-6bdc792c79e3645163cd30123af5a8bb\">\n.flex_column.av-2hkn4qy-6bdc792c79e3645163cd30123af5a8bb{\nborder-radius:0px 0px 0px 0px;\npadding:0 0 0 0;\n}\n<\/style>\n<div  class='flex_column av-2hkn4qy-6bdc792c79e3645163cd30123af5a8bb av_four_fifth  avia-builder-el-2  el_after_av_one_fifth  el_before_av_one_fifth  no_margin flex_column_div av-zero-column-padding  '     ><section  class='av_textblock_section av-lemgoo0d-458513c4a7c7be1c5be896008d7ea164 '   itemscope=\"itemscope\" itemtype=\"https:\/\/schema.org\/BlogPosting\" itemprop=\"blogPost\" ><div class='avia_textblock blockquote'  itemprop=\"text\" ><p style=\"font-size: 1.235em; line-height: 1.5em; border-left-style: solid; border-left-width: 7px; margin-bottom: 1em; margin-right: 1em; padding-left: 20px; border-color: #719430;\">Entrega premios concurso fotograf\u00eda 2026<\/p>\n<\/div><\/section><br \/>\n<section  class='av_textblock_section av-lemgnulv-6601824f36c9d14f65e2479f21682fe0 '   itemscope=\"itemscope\" itemtype=\"https:\/\/schema.org\/BlogPosting\" itemprop=\"blogPost\" ><div class='avia_textblock'  itemprop=\"text\" ><h4>Francisco Jos\u00e9 Ar\u00e9valo Ramos receives his award as winner at the Casa de Capellan\u00eda<\/h4>\n<\/div><\/section><br \/>\n<section  class='av_textblock_section av-lemgazic-2e332c740878f698d8de5ff9279af4dd '   itemscope=\"itemscope\" itemtype=\"https:\/\/schema.org\/BlogPosting\" itemprop=\"blogPost\" ><div class='avia_textblock'  itemprop=\"text\" ><p style=\"text-align: justify;\">The afternoon of Friday, April 24th, was the day chosen for the presentation of the awards for the XXVII Photography Contest of the <a style=\"text-decoration: none; color: inherit;\" href=\"https:\/\/carnavaldemiguelturra.es\/en\/\">Miguelturra Carnival<\/a>.<\/p>\n<p style=\"text-align: justify;\">The event was attended by <strong>Caridad S\u00e1nchez Ruiz<\/strong>, councilor for citizen participation; <strong>Diego Rodr\u00edguez Tercero<\/strong>, president of the Association of Pe\u00f1as; the 2026 Senior Masks, <strong>Miguel \u00c1ngel Ruiz Navas and Juan Carlos P\u00e9rez Ram\u00edrez<\/strong>; as well as the 2025 Exemplary Churriegos, <strong>\u00c1ngela Moh\u00edno Toulet and Francisco Angulo S\u00e1nchez<\/strong>.<\/p>\n<p style=\"text-align: justify;\">Caridad S\u00e1nchez began the event by reading the minutes and announcing the jury&#8217;s decision for the photography contest. The contest awards two prizes of 300 and 200 euros, as well as the corresponding ceramic piece commemorating the 2026 carnival. The prizes were awarded as follows: First prize to <strong>Francisco Jos\u00e9 Ar\u00e9valo Ramos<\/strong> and second prize to <strong>Carlos Jes\u00fas Mu\u00f1oz Palacios<\/strong>. Mr. Mu\u00f1oz Palacios was unable to attend as he could not be reached.   <\/p>\n<h4>Congratulations to the winners<\/h4>\n<p style=\"text-align: justify;\">Caridad S\u00e1nchez congratulated the winners, highlighting the quality of the works submitted to the competition, and encouraging photography enthusiasts to participate in this contest, which offers substantial cash prizes.<\/p>\n<p style=\"text-align: justify;\">The winner of the competition, <strong>Francisco Ar\u00e9valo<\/strong>, was very pleased to receive this prize, inviting the rest of the photographers who visit us during the carnival to participate and immortalize this emblematic festival with their photos.<\/p>\n<p style=\"text-align: justify;\">\n<\/div><\/section><br \/>\n<div id='av-masonry-1' class='av-masonry av-mod68yic-37afc7a833b8e4ad9044bd38fa925b74 noHover av-flex-size av-large-gap av-hover-overlay-active av-masonry-animation-active av-masonry-col-flexible av-caption-on-hover-hide av-caption-style- av-masonry-gallery ' data-post_id=\"81989\"><div class=\"av-masonry-container isotope av-js-disabled\"><div class='av-masonry-entry isotope-item av-masonry-item-no-image '><\/div><a href=\"https:\/\/carnavaldemiguelturra.es\/wp-content\/uploads\/2026\/04\/carnaval-miguelturra-fotografia-2026-001.jpg\"  aria-label=\"image 2026. Awards ceremony for the XXVII Photography Contest\"  id='av-masonry-1-item-81981' data-av-masonry-item='81981' class='av-masonry-entry isotope-item post-81981 attachment type-attachment status-inherit hentry  av-masonry-item-with-image' title=\"2026. Awards ceremony for the XXVII Photography Contest\" alt=\"carnival-miguelturra-photography-2026\"    itemprop=\"thumbnailUrl\" ><div class='av-inner-masonry-sizer'><\/div><figure class='av-inner-masonry main_color'><div class=\"av-masonry-outerimage-container\"><div class='av-masonry-image-container'  ><img decoding=\"async\" width=\"800\" height=\"533\" fetchpriority=\"high\" class=\"wp-image-81981 avia-img-lazy-loading-not-81981\"  src=\"https:\/\/carnavaldemiguelturra.es\/wp-content\/uploads\/2026\/04\/carnaval-miguelturra-fotografia-2026-001.jpg\" title=\"2026. Awards ceremony for the XXVII Photography Contest\" alt=\"carnival-miguelturra-photography-2026\" \/><\/div><\/div><\/figure><\/a><!--end av-masonry entry--><a href=\"https:\/\/carnavaldemiguelturra.es\/wp-content\/uploads\/2026\/04\/carnaval-miguelturra-fotografia-2026-002.jpg\"  aria-label=\"image 2026. Awards ceremony for the XXVII Photography Contest\"  id='av-masonry-1-item-81982' data-av-masonry-item='81982' class='av-masonry-entry isotope-item post-81982 attachment type-attachment status-inherit hentry  av-masonry-item-with-image' title=\"2026. Awards ceremony for the XXVII Photography Contest\" alt=\"carnival-miguelturra-photography-2026\"    itemprop=\"thumbnailUrl\" ><div class='av-inner-masonry-sizer'><\/div><figure class='av-inner-masonry main_color'><div class=\"av-masonry-outerimage-container\"><div class='av-masonry-image-container'  ><img decoding=\"async\" width=\"800\" height=\"533\" fetchpriority=\"high\" class=\"wp-image-81982 avia-img-lazy-loading-not-81982\"  src=\"https:\/\/carnavaldemiguelturra.es\/wp-content\/uploads\/2026\/04\/carnaval-miguelturra-fotografia-2026-002.jpg\" title=\"2026. Awards ceremony for the XXVII Photography Contest\" alt=\"carnival-miguelturra-photography-2026\" \/><\/div><\/div><\/figure><\/a><!--end av-masonry entry--><a href=\"https:\/\/carnavaldemiguelturra.es\/wp-content\/uploads\/2026\/04\/carnaval-miguelturra-fotografia-2026-003.jpg\"  aria-label=\"image 2026. Awards ceremony for the XXVII Photography Contest\"  id='av-masonry-1-item-81983' data-av-masonry-item='81983' class='av-masonry-entry isotope-item post-81983 attachment type-attachment status-inherit hentry  av-masonry-item-with-image' title=\"2026. Awards ceremony for the XXVII Photography Contest\" alt=\"carnival-miguelturra-photography-2026\"    itemprop=\"thumbnailUrl\" ><div class='av-inner-masonry-sizer'><\/div><figure class='av-inner-masonry main_color'><div class=\"av-masonry-outerimage-container\"><div class='av-masonry-image-container'  ><img decoding=\"async\" width=\"800\" height=\"533\" fetchpriority=\"high\" class=\"wp-image-81983 avia-img-lazy-loading-not-81983\"  src=\"https:\/\/carnavaldemiguelturra.es\/wp-content\/uploads\/2026\/04\/carnaval-miguelturra-fotografia-2026-003.jpg\" title=\"2026. Awards ceremony for the XXVII Photography Contest\" alt=\"carnival-miguelturra-photography-2026\" \/><\/div><\/div><\/figure><\/a><!--end av-masonry entry--><a href=\"https:\/\/carnavaldemiguelturra.es\/wp-content\/uploads\/2026\/04\/carnaval-miguelturra-fotografia-2026-004.jpg\"  aria-label=\"image 2026. Awards ceremony for the XXVII Photography Contest\"  id='av-masonry-1-item-81984' data-av-masonry-item='81984' class='av-masonry-entry isotope-item post-81984 attachment type-attachment status-inherit hentry  av-masonry-item-with-image' title=\"2026. Awards ceremony for the XXVII Photography Contest\" alt=\"carnival-miguelturra-photography-2026\"    itemprop=\"thumbnailUrl\" ><div class='av-inner-masonry-sizer'><\/div><figure class='av-inner-masonry main_color'><div class=\"av-masonry-outerimage-container\"><div class='av-masonry-image-container'  ><img decoding=\"async\" width=\"800\" height=\"533\" fetchpriority=\"high\" class=\"wp-image-81984 avia-img-lazy-loading-not-81984\"  src=\"https:\/\/carnavaldemiguelturra.es\/wp-content\/uploads\/2026\/04\/carnaval-miguelturra-fotografia-2026-004.jpg\" title=\"2026. Awards ceremony for the XXVII Photography Contest\" alt=\"carnival-miguelturra-photography-2026\" \/><\/div><\/div><\/figure><\/a><!--end av-masonry entry--><a href=\"https:\/\/carnavaldemiguelturra.es\/wp-content\/uploads\/2026\/04\/carnaval-miguelturra-fotografia-2026-005.jpg\"  aria-label=\"image 2026. Awards ceremony for the XXVII Photography Contest\"  id='av-masonry-1-item-81985' data-av-masonry-item='81985' class='av-masonry-entry isotope-item post-81985 attachment type-attachment status-inherit hentry  av-masonry-item-with-image' title=\"2026. Awards ceremony for the XXVII Photography Contest\" alt=\"carnival-miguelturra-photography-2026\"    itemprop=\"thumbnailUrl\" ><div class='av-inner-masonry-sizer'><\/div><figure class='av-inner-masonry main_color'><div class=\"av-masonry-outerimage-container\"><div class='av-masonry-image-container'  ><img decoding=\"async\" width=\"533\" height=\"800\" fetchpriority=\"high\" class=\"wp-image-81985 avia-img-lazy-loading-not-81985\"  src=\"https:\/\/carnavaldemiguelturra.es\/wp-content\/uploads\/2026\/04\/carnaval-miguelturra-fotografia-2026-005.jpg\" title=\"2026. Awards ceremony for the XXVII Photography Contest\" alt=\"carnival-miguelturra-photography-2026\" \/><\/div><\/div><\/figure><\/a><!--end av-masonry entry--><a href=\"https:\/\/carnavaldemiguelturra.es\/wp-content\/uploads\/2026\/04\/carnaval-miguelturra-fotografia-2026-006.jpg\"  aria-label=\"image 2026. Awards ceremony for the XXVII Photography Contest\"  id='av-masonry-1-item-81980' data-av-masonry-item='81980' class='av-masonry-entry isotope-item post-81980 attachment type-attachment status-inherit hentry  av-masonry-item-with-image' title=\"2026. Awards ceremony for the XXVII Photography Contest\" alt=\"carnival-miguelturra-photography-2026\"    itemprop=\"thumbnailUrl\" ><div class='av-inner-masonry-sizer'><\/div><figure class='av-inner-masonry main_color'><div class=\"av-masonry-outerimage-container\"><div class='av-masonry-image-container'  ><img decoding=\"async\" width=\"800\" height=\"533\" fetchpriority=\"high\" class=\"wp-image-81980 avia-img-lazy-loading-not-81980\"  src=\"https:\/\/carnavaldemiguelturra.es\/wp-content\/uploads\/2026\/04\/carnaval-miguelturra-fotografia-2026-006.jpg\" title=\"2026. Awards ceremony for the XXVII Photography Contest\" alt=\"carnival-miguelturra-photography-2026\" \/><\/div><\/div><\/figure><\/a><!--end av-masonry entry--><a href=\"https:\/\/carnavaldemiguelturra.es\/wp-content\/uploads\/2026\/04\/carnaval-miguelturra-1-premio-fotografia-2026.jpg\"  aria-label=\"image 2026. First Prize for Photography. Francisco Jos\u00e9 Ar\u00e9valo Ramos &#8216;It&#8217;s not goodbye, it&#8217;s see you next year&#8217;\"  id='av-masonry-1-item-81930' data-av-masonry-item='81930' class='av-masonry-entry isotope-item post-81930 attachment type-attachment status-inherit hentry  av-masonry-item-with-image' title=\"2026. First Prize for Photography. Francisco Jos\u00e9 Ar\u00e9valo Ramos &#8216;It&#8217;s not goodbye, it&#8217;s see you next year&#8217;\" alt=\"carnival-miguelturra-first-prize-photography-2026\"    itemprop=\"thumbnailUrl\" ><div class='av-inner-masonry-sizer'><\/div><figure class='av-inner-masonry main_color'><div class=\"av-masonry-outerimage-container\"><div class='av-masonry-image-container'  ><img decoding=\"async\" width=\"533\" height=\"800\" fetchpriority=\"high\" class=\"wp-image-81930 avia-img-lazy-loading-not-81930\"  src=\"https:\/\/carnavaldemiguelturra.es\/wp-content\/uploads\/2026\/04\/carnaval-miguelturra-1-premio-fotografia-2026.jpg\" title=\"2026. First Prize for Photography. Francisco Jos\u00e9 Ar\u00e9valo Ramos &#8216;It&#8217;s not goodbye, it&#8217;s see you next year&#8217;\" alt=\"carnival-miguelturra-first-prize-photography-2026\" \/><\/div><\/div><\/figure><\/a><!--end av-masonry entry--><a href=\"https:\/\/carnavaldemiguelturra.es\/wp-content\/uploads\/2026\/04\/carnaval-miguelturra-2-premio-fotografia-2026.jpg\"  aria-label=\"image 2026. Second Prize for Photography. Carlos Jes\u00fas Mu\u00f1oz Palacios &#8216;Reflections&#8217;\"  id='av-masonry-1-item-81931' data-av-masonry-item='81931' class='av-masonry-entry isotope-item post-81931 attachment type-attachment status-inherit hentry  av-masonry-item-with-image' title=\"2026. Second Prize for Photography. Carlos Jes\u00fas Mu\u00f1oz Palacios &#8216;Reflections&#8217;\" alt=\"carnival-miguelturra-second-prize-photography-2026\"    itemprop=\"thumbnailUrl\" ><div class='av-inner-masonry-sizer'><\/div><figure class='av-inner-masonry main_color'><div class=\"av-masonry-outerimage-container\"><div class='av-masonry-image-container'  ><img decoding=\"async\" width=\"600\" height=\"800\" fetchpriority=\"high\" class=\"wp-image-81931 avia-img-lazy-loading-not-81931\"  src=\"https:\/\/carnavaldemiguelturra.es\/wp-content\/uploads\/2026\/04\/carnaval-miguelturra-2-premio-fotografia-2026.jpg\" title=\"2026. Second Prize for Photography. Carlos Jes\u00fas Mu\u00f1oz Palacios &#8216;Reflections&#8217;\" alt=\"carnival-miguelturra-second-prize-photography-2026\" \/><\/div><\/div><\/figure><\/a><!--end av-masonry entry--><a href=\"https:\/\/carnavaldemiguelturra.es\/wp-content\/uploads\/2026\/04\/carnaval-miguelturra-fotografia-2026-007.jpg\"  aria-label=\"image 2026. Awards ceremony for the XXVII Photography Contest\"  id='av-masonry-1-item-81986' data-av-masonry-item='81986' class='av-masonry-entry isotope-item post-81986 attachment type-attachment status-inherit hentry  av-masonry-item-with-image' title=\"2026. Awards ceremony for the XXVII Photography Contest\" alt=\"carnival-miguelturra-photography-2026\"    itemprop=\"thumbnailUrl\" ><div class='av-inner-masonry-sizer'><\/div><figure class='av-inner-masonry main_color'><div class=\"av-masonry-outerimage-container\"><div class='av-masonry-image-container'  ><img decoding=\"async\" width=\"800\" height=\"533\" fetchpriority=\"high\" class=\"wp-image-81986 avia-img-lazy-loading-not-81986\"  src=\"https:\/\/carnavaldemiguelturra.es\/wp-content\/uploads\/2026\/04\/carnaval-miguelturra-fotografia-2026-007.jpg\" title=\"2026. Awards ceremony for the XXVII Photography Contest\" alt=\"carnival-miguelturra-photography-2026\" \/><\/div><\/div><\/figure><\/a><!--end av-masonry entry--><\/div><\/div><\/p><\/div><div  class='flex_column av-26h0zii-594ca1d290d36f211f8639935ded7a9b av_one_fifth  avia-builder-el-7  el_after_av_four_fifth  el_before_av_four_fifth  first flex_column_div  '     ><\/div><\/p>\n<div  class='flex_column av-1mqszze-cdf04ff86a895e3464b95cf6da67f009 av_four_fifth  avia-builder-el-8  el_after_av_one_fifth  avia-builder-el-last  flex_column_div  '     ><p>\n<style type=\"text\/css\" data-created_by=\"avia_inline_auto\" id=\"style-css-av-mflvjw-4dbd0af0bfe6702374533ab4064fafd9\">\n#top .hr.av-mflvjw-4dbd0af0bfe6702374533ab4064fafd9{\nmargin-top:15px;\nmargin-bottom:15px;\n}\n.hr.av-mflvjw-4dbd0af0bfe6702374533ab4064fafd9 .hr-inner{\nwidth:50px;\n}\n<\/style>\n<div  class='hr av-mflvjw-4dbd0af0bfe6702374533ab4064fafd9 hr-custom  avia-builder-el-9  el_before_av_social_share  avia-builder-el-first  hr-center hr-icon-no'><span class='hr-inner inner-border-av-border-none'><span class=\"hr-inner-style\"><\/span><\/span><\/div><br \/>\n<div  class='av-social-sharing-box av-r3frm2-2d68886dafdd379abb43b51a94b54d5d av-social-sharing-box-default  avia-builder-el-10  el_after_av_hr  avia-builder-el-last  av-social-sharing-box-fullwidth'><div class=\"av-share-box\"><h5 class='av-share-link-description av-no-toc '>Share this post<\/h5><ul class=\"av-share-box-list noLightbox\"><li class='av-share-link av-social-link-facebook avia_social_iconfont' ><a target=\"_blank\" aria-label=\"Share on Facebook\" href='https:\/\/www.facebook.com\/sharer.php?u=https:\/\/carnavaldemiguelturra.es\/en\/premios-concurso-fotografia-2026\/&#038;t=2026%20Photography%20Contest%20Awards%20Ceremony' data-av_icon='\ue8f3' data-av_iconfont='entypo-fontello'  title='' data-avia-related-tooltip='Share on Facebook'><span class='avia_hidden_link_text'>Share on Facebook<\/span><\/a><\/li><li class='av-share-link av-social-link-square-x-twitter avia_social_iconfont' ><a target=\"_blank\" aria-label=\"Share on X\" href='https:\/\/twitter.com\/share?text=2026%20Photography%20Contest%20Awards%20Ceremony&#038;url=https:\/\/carnavaldemiguelturra.es\/en\/?p=81989' data-av_icon='\ue933' data-av_iconfont='entypo-fontello'  title='' data-avia-related-tooltip='Share on X'><span class='avia_hidden_link_text'>Share on X<\/span><\/a><\/li><li class='av-share-link av-social-link-whatsapp avia_social_iconfont' ><a target=\"_blank\" aria-label=\"Share on WhatsApp\" href='https:\/\/api.whatsapp.com\/send?text=https:\/\/carnavaldemiguelturra.es\/en\/premios-concurso-fotografia-2026\/' data-av_icon='\uf232' data-av_iconfont='entypo-fontello'  title='' data-avia-related-tooltip='Share on WhatsApp'><span class='avia_hidden_link_text'>Share on WhatsApp<\/span><\/a><\/li><\/ul><\/div><\/div><\/p><\/div>\n","protected":false},"excerpt":{"rendered":"<p>Francisco Jos\u00e9 Ar\u00e9valo Ramos and Carlos Jes\u00fas Mu\u00f1oz Palacios receive the prizes of the XXVII Photography Contest <\/p>\n","protected":false},"author":2,"featured_media":81980,"comment_status":"closed","ping_status":"open","sticky":false,"template":"","format":"quote","meta":{"ngg_post_thumbnail":0,"footnotes":""},"categories":[109],"tags":[248,155,154,156,246],"class_list":["post-81989","post","type-post","status-publish","format-quote","has-post-thumbnail","hentry","category-noticias-en","tag-blog-en","tag-carnival","tag-carnival-of-miguelturra","tag-miguelturra-en","tag-news","post_format-post-format-quote"],"yoast_head":"<!-- This site is optimized with the Yoast SEO plugin v27.5 - https:\/\/yoast.com\/product\/yoast-seo-wordpress\/ -->\n<title>Photography contest awards ceremony | Carnival of Miguelturra<\/title>\n<meta name=\"description\" content=\"Francisco Ar\u00e9valo Ramos and Carlos Jes\u00fas Mu\u00f1oz Palacios collect the prizes of the XXVII Photography Contest of the Miguelturra Carnival.\" \/>\n<meta name=\"robots\" content=\"index, follow, max-snippet:-1, max-image-preview:large, max-video-preview:-1\" \/>\n<link rel=\"canonical\" href=\"https:\/\/carnavaldemiguelturra.es\/en\/premios-concurso-fotografia-2026\/\" \/>\n<meta property=\"og:locale\" content=\"en_US\" \/>\n<meta property=\"og:type\" content=\"article\" \/>\n<meta property=\"og:title\" content=\"Photography contest awards ceremony | Carnival of Miguelturra\" \/>\n<meta property=\"og:description\" content=\"Francisco Ar\u00e9valo Ramos and Carlos Jes\u00fas Mu\u00f1oz Palacios collect the prizes of the XXVII Photography Contest of the Miguelturra Carnival.\" \/>\n<meta property=\"og:url\" content=\"https:\/\/carnavaldemiguelturra.es\/en\/premios-concurso-fotografia-2026\/\" \/>\n<meta property=\"og:site_name\" content=\"Carnival of Miguelturra\" \/>\n<meta property=\"article:publisher\" content=\"https:\/\/www.facebook.com\/carnavaldemiguelturra\/\" \/>\n<meta property=\"article:author\" content=\"https:\/\/www.facebook.com\/berna.martinezromero\" \/>\n<meta property=\"article:published_time\" content=\"2026-04-24T17:16:58+00:00\" \/>\n<meta property=\"article:modified_time\" content=\"2026-04-29T08:16:05+00:00\" \/>\n<meta property=\"og:image\" content=\"https:\/\/carnavaldemiguelturra.es\/wp-content\/uploads\/2026\/04\/carnaval-miguelturra-fotografia-2026-006.jpg\" \/>\n\t<meta property=\"og:image:width\" content=\"800\" \/>\n\t<meta property=\"og:image:height\" content=\"533\" \/>\n\t<meta property=\"og:image:type\" content=\"image\/jpeg\" \/>\n<meta name=\"author\" content=\"Berna Mart\u00ednez Romero\" \/>\n<meta name=\"twitter:card\" content=\"summary_large_image\" \/>\n<meta name=\"twitter:label1\" content=\"Written by\" \/>\n\t<meta name=\"twitter:data1\" content=\"Berna Mart\u00ednez Romero\" \/>\n\t<meta name=\"twitter:label2\" content=\"Est. reading time\" \/>\n\t<meta name=\"twitter:data2\" content=\"13 minutes\" \/>\n<script type=\"application\/ld+json\" class=\"yoast-schema-graph\">{\"@context\":\"https:\\\/\\\/schema.org\",\"@graph\":[{\"@type\":\"NewsArticle\",\"@id\":\"https:\\\/\\\/carnavaldemiguelturra.es\\\/en\\\/premios-concurso-fotografia-2026\\\/#article\",\"isPartOf\":{\"@id\":\"https:\\\/\\\/carnavaldemiguelturra.es\\\/en\\\/premios-concurso-fotografia-2026\\\/\"},\"author\":{\"name\":\"Berna Mart\u00ednez Romero\",\"@id\":\"https:\\\/\\\/carnavaldemiguelturra.es\\\/en\\\/#\\\/schema\\\/person\\\/2c5684c732847b779f19c55d751d211b\"},\"headline\":\"2026 Photography Contest Awards Ceremony\",\"datePublished\":\"2026-04-24T17:16:58+00:00\",\"dateModified\":\"2026-04-29T08:16:05+00:00\",\"mainEntityOfPage\":{\"@id\":\"https:\\\/\\\/carnavaldemiguelturra.es\\\/en\\\/premios-concurso-fotografia-2026\\\/\"},\"wordCount\":1901,\"publisher\":{\"@id\":\"https:\\\/\\\/carnavaldemiguelturra.es\\\/en\\\/#organization\"},\"image\":{\"@id\":\"https:\\\/\\\/carnavaldemiguelturra.es\\\/en\\\/premios-concurso-fotografia-2026\\\/#primaryimage\"},\"thumbnailUrl\":\"https:\\\/\\\/carnavaldemiguelturra.es\\\/wp-content\\\/uploads\\\/2026\\\/04\\\/carnaval-miguelturra-fotografia-2026-006.jpg\",\"keywords\":[\"Blog\",\"Carnival\",\"Carnival of Miguelturra\",\"Miguelturra\",\"News\"],\"articleSection\":[\"News\"],\"inLanguage\":\"en-US\"},{\"@type\":[\"WebPage\",\"ItemPage\"],\"@id\":\"https:\\\/\\\/carnavaldemiguelturra.es\\\/en\\\/premios-concurso-fotografia-2026\\\/\",\"url\":\"https:\\\/\\\/carnavaldemiguelturra.es\\\/en\\\/premios-concurso-fotografia-2026\\\/\",\"name\":\"Photography contest awards ceremony | Carnival of Miguelturra\",\"isPartOf\":{\"@id\":\"https:\\\/\\\/carnavaldemiguelturra.es\\\/en\\\/#website\"},\"primaryImageOfPage\":{\"@id\":\"https:\\\/\\\/carnavaldemiguelturra.es\\\/en\\\/premios-concurso-fotografia-2026\\\/#primaryimage\"},\"image\":{\"@id\":\"https:\\\/\\\/carnavaldemiguelturra.es\\\/en\\\/premios-concurso-fotografia-2026\\\/#primaryimage\"},\"thumbnailUrl\":\"https:\\\/\\\/carnavaldemiguelturra.es\\\/wp-content\\\/uploads\\\/2026\\\/04\\\/carnaval-miguelturra-fotografia-2026-006.jpg\",\"datePublished\":\"2026-04-24T17:16:58+00:00\",\"dateModified\":\"2026-04-29T08:16:05+00:00\",\"description\":\"Francisco Ar\u00e9valo Ramos and Carlos Jes\u00fas Mu\u00f1oz Palacios collect the prizes of the XXVII Photography Contest of the Miguelturra Carnival.\",\"breadcrumb\":{\"@id\":\"https:\\\/\\\/carnavaldemiguelturra.es\\\/en\\\/premios-concurso-fotografia-2026\\\/#breadcrumb\"},\"inLanguage\":\"en-US\",\"potentialAction\":[{\"@type\":\"ReadAction\",\"target\":[\"https:\\\/\\\/carnavaldemiguelturra.es\\\/en\\\/premios-concurso-fotografia-2026\\\/\"]}]},{\"@type\":\"ImageObject\",\"inLanguage\":\"en-US\",\"@id\":\"https:\\\/\\\/carnavaldemiguelturra.es\\\/en\\\/premios-concurso-fotografia-2026\\\/#primaryimage\",\"url\":\"https:\\\/\\\/carnavaldemiguelturra.es\\\/wp-content\\\/uploads\\\/2026\\\/04\\\/carnaval-miguelturra-fotografia-2026-006.jpg\",\"contentUrl\":\"https:\\\/\\\/carnavaldemiguelturra.es\\\/wp-content\\\/uploads\\\/2026\\\/04\\\/carnaval-miguelturra-fotografia-2026-006.jpg\",\"width\":800,\"height\":533,\"caption\":\"carnival-miguelturra-photography-2026\"},{\"@type\":\"BreadcrumbList\",\"@id\":\"https:\\\/\\\/carnavaldemiguelturra.es\\\/en\\\/premios-concurso-fotografia-2026\\\/#breadcrumb\",\"itemListElement\":[{\"@type\":\"ListItem\",\"position\":1,\"name\":\"Cover\",\"item\":\"https:\\\/\\\/carnavaldemiguelturra.es\\\/en\\\/inicio\\\/\"},{\"@type\":\"ListItem\",\"position\":2,\"name\":\"2026 Photography Contest Awards Ceremony\"}]},{\"@type\":\"WebSite\",\"@id\":\"https:\\\/\\\/carnavaldemiguelturra.es\\\/en\\\/#website\",\"url\":\"https:\\\/\\\/carnavaldemiguelturra.es\\\/en\\\/\",\"name\":\"Carnaval de Miguelturra\",\"description\":\"History of Miguelturra Carnival\",\"publisher\":{\"@id\":\"https:\\\/\\\/carnavaldemiguelturra.es\\\/en\\\/#organization\"},\"potentialAction\":[{\"@type\":\"SearchAction\",\"target\":{\"@type\":\"EntryPoint\",\"urlTemplate\":\"https:\\\/\\\/carnavaldemiguelturra.es\\\/en\\\/?s={search_term_string}\"},\"query-input\":{\"@type\":\"PropertyValueSpecification\",\"valueRequired\":true,\"valueName\":\"search_term_string\"}}],\"inLanguage\":\"en-US\"},{\"@type\":\"Organization\",\"@id\":\"https:\\\/\\\/carnavaldemiguelturra.es\\\/en\\\/#organization\",\"name\":\"carnivaldemiguelturra.es Association\",\"url\":\"https:\\\/\\\/carnavaldemiguelturra.es\\\/en\\\/\",\"logo\":{\"@type\":\"ImageObject\",\"inLanguage\":\"en-US\",\"@id\":\"https:\\\/\\\/carnavaldemiguelturra.es\\\/en\\\/#\\\/schema\\\/logo\\\/image\\\/\",\"url\":\"https:\\\/\\\/carnavaldemiguelturra.es\\\/wp-content\\\/uploads\\\/2018\\\/08\\\/logo-grande.jpg\",\"contentUrl\":\"https:\\\/\\\/carnavaldemiguelturra.es\\\/wp-content\\\/uploads\\\/2018\\\/08\\\/logo-grande.jpg\",\"width\":800,\"height\":600,\"caption\":\"carnivaldemiguelturra.es Association\"},\"image\":{\"@id\":\"https:\\\/\\\/carnavaldemiguelturra.es\\\/en\\\/#\\\/schema\\\/logo\\\/image\\\/\"},\"sameAs\":[\"https:\\\/\\\/www.facebook.com\\\/carnavaldemiguelturra\\\/\",\"https:\\\/\\\/www.instagram.com\\\/carnavaldemiguelturra\\\/\"]},{\"@type\":\"Person\",\"@id\":\"https:\\\/\\\/carnavaldemiguelturra.es\\\/en\\\/#\\\/schema\\\/person\\\/2c5684c732847b779f19c55d751d211b\",\"name\":\"Berna Mart\u00ednez Romero\",\"sameAs\":[\"https:\\\/\\\/www.facebook.com\\\/berna.martinezromero\"],\"url\":\"https:\\\/\\\/carnavaldemiguelturra.es\\\/en\\\/author\\\/berna\\\/\"}]}<\/script>\n<!-- \/ Yoast SEO plugin. -->","yoast_head_json":{"title":"Photography contest awards ceremony | Carnival of Miguelturra","description":"Francisco Ar\u00e9valo Ramos and Carlos Jes\u00fas Mu\u00f1oz Palacios collect the prizes of the XXVII Photography Contest of the Miguelturra Carnival.","robots":{"index":"index","follow":"follow","max-snippet":"max-snippet:-1","max-image-preview":"max-image-preview:large","max-video-preview":"max-video-preview:-1"},"canonical":"https:\/\/carnavaldemiguelturra.es\/en\/premios-concurso-fotografia-2026\/","og_locale":"en_US","og_type":"article","og_title":"Photography contest awards ceremony | Carnival of Miguelturra","og_description":"Francisco Ar\u00e9valo Ramos and Carlos Jes\u00fas Mu\u00f1oz Palacios collect the prizes of the XXVII Photography Contest of the Miguelturra Carnival.","og_url":"https:\/\/carnavaldemiguelturra.es\/en\/premios-concurso-fotografia-2026\/","og_site_name":"Carnival of Miguelturra","article_publisher":"https:\/\/www.facebook.com\/carnavaldemiguelturra\/","article_author":"https:\/\/www.facebook.com\/berna.martinezromero","article_published_time":"2026-04-24T17:16:58+00:00","article_modified_time":"2026-04-29T08:16:05+00:00","og_image":[{"width":800,"height":533,"url":"https:\/\/carnavaldemiguelturra.es\/wp-content\/uploads\/2026\/04\/carnaval-miguelturra-fotografia-2026-006.jpg","type":"image\/jpeg"}],"author":"Berna Mart\u00ednez Romero","twitter_card":"summary_large_image","twitter_misc":{"Written by":"Berna Mart\u00ednez Romero","Est. reading time":"13 minutes"},"schema":{"@context":"https:\/\/schema.org","@graph":[{"@type":"NewsArticle","@id":"https:\/\/carnavaldemiguelturra.es\/en\/premios-concurso-fotografia-2026\/#article","isPartOf":{"@id":"https:\/\/carnavaldemiguelturra.es\/en\/premios-concurso-fotografia-2026\/"},"author":{"name":"Berna Mart\u00ednez Romero","@id":"https:\/\/carnavaldemiguelturra.es\/en\/#\/schema\/person\/2c5684c732847b779f19c55d751d211b"},"headline":"2026 Photography Contest Awards Ceremony","datePublished":"2026-04-24T17:16:58+00:00","dateModified":"2026-04-29T08:16:05+00:00","mainEntityOfPage":{"@id":"https:\/\/carnavaldemiguelturra.es\/en\/premios-concurso-fotografia-2026\/"},"wordCount":1901,"publisher":{"@id":"https:\/\/carnavaldemiguelturra.es\/en\/#organization"},"image":{"@id":"https:\/\/carnavaldemiguelturra.es\/en\/premios-concurso-fotografia-2026\/#primaryimage"},"thumbnailUrl":"https:\/\/carnavaldemiguelturra.es\/wp-content\/uploads\/2026\/04\/carnaval-miguelturra-fotografia-2026-006.jpg","keywords":["Blog","Carnival","Carnival of Miguelturra","Miguelturra","News"],"articleSection":["News"],"inLanguage":"en-US"},{"@type":["WebPage","ItemPage"],"@id":"https:\/\/carnavaldemiguelturra.es\/en\/premios-concurso-fotografia-2026\/","url":"https:\/\/carnavaldemiguelturra.es\/en\/premios-concurso-fotografia-2026\/","name":"Photography contest awards ceremony | Carnival of Miguelturra","isPartOf":{"@id":"https:\/\/carnavaldemiguelturra.es\/en\/#website"},"primaryImageOfPage":{"@id":"https:\/\/carnavaldemiguelturra.es\/en\/premios-concurso-fotografia-2026\/#primaryimage"},"image":{"@id":"https:\/\/carnavaldemiguelturra.es\/en\/premios-concurso-fotografia-2026\/#primaryimage"},"thumbnailUrl":"https:\/\/carnavaldemiguelturra.es\/wp-content\/uploads\/2026\/04\/carnaval-miguelturra-fotografia-2026-006.jpg","datePublished":"2026-04-24T17:16:58+00:00","dateModified":"2026-04-29T08:16:05+00:00","description":"Francisco Ar\u00e9valo Ramos and Carlos Jes\u00fas Mu\u00f1oz Palacios collect the prizes of the XXVII Photography Contest of the Miguelturra Carnival.","breadcrumb":{"@id":"https:\/\/carnavaldemiguelturra.es\/en\/premios-concurso-fotografia-2026\/#breadcrumb"},"inLanguage":"en-US","potentialAction":[{"@type":"ReadAction","target":["https:\/\/carnavaldemiguelturra.es\/en\/premios-concurso-fotografia-2026\/"]}]},{"@type":"ImageObject","inLanguage":"en-US","@id":"https:\/\/carnavaldemiguelturra.es\/en\/premios-concurso-fotografia-2026\/#primaryimage","url":"https:\/\/carnavaldemiguelturra.es\/wp-content\/uploads\/2026\/04\/carnaval-miguelturra-fotografia-2026-006.jpg","contentUrl":"https:\/\/carnavaldemiguelturra.es\/wp-content\/uploads\/2026\/04\/carnaval-miguelturra-fotografia-2026-006.jpg","width":800,"height":533,"caption":"carnival-miguelturra-photography-2026"},{"@type":"BreadcrumbList","@id":"https:\/\/carnavaldemiguelturra.es\/en\/premios-concurso-fotografia-2026\/#breadcrumb","itemListElement":[{"@type":"ListItem","position":1,"name":"Cover","item":"https:\/\/carnavaldemiguelturra.es\/en\/inicio\/"},{"@type":"ListItem","position":2,"name":"2026 Photography Contest Awards Ceremony"}]},{"@type":"WebSite","@id":"https:\/\/carnavaldemiguelturra.es\/en\/#website","url":"https:\/\/carnavaldemiguelturra.es\/en\/","name":"Carnaval de Miguelturra","description":"History of Miguelturra Carnival","publisher":{"@id":"https:\/\/carnavaldemiguelturra.es\/en\/#organization"},"potentialAction":[{"@type":"SearchAction","target":{"@type":"EntryPoint","urlTemplate":"https:\/\/carnavaldemiguelturra.es\/en\/?s={search_term_string}"},"query-input":{"@type":"PropertyValueSpecification","valueRequired":true,"valueName":"search_term_string"}}],"inLanguage":"en-US"},{"@type":"Organization","@id":"https:\/\/carnavaldemiguelturra.es\/en\/#organization","name":"carnivaldemiguelturra.es Association","url":"https:\/\/carnavaldemiguelturra.es\/en\/","logo":{"@type":"ImageObject","inLanguage":"en-US","@id":"https:\/\/carnavaldemiguelturra.es\/en\/#\/schema\/logo\/image\/","url":"https:\/\/carnavaldemiguelturra.es\/wp-content\/uploads\/2018\/08\/logo-grande.jpg","contentUrl":"https:\/\/carnavaldemiguelturra.es\/wp-content\/uploads\/2018\/08\/logo-grande.jpg","width":800,"height":600,"caption":"carnivaldemiguelturra.es Association"},"image":{"@id":"https:\/\/carnavaldemiguelturra.es\/en\/#\/schema\/logo\/image\/"},"sameAs":["https:\/\/www.facebook.com\/carnavaldemiguelturra\/","https:\/\/www.instagram.com\/carnavaldemiguelturra\/"]},{"@type":"Person","@id":"https:\/\/carnavaldemiguelturra.es\/en\/#\/schema\/person\/2c5684c732847b779f19c55d751d211b","name":"Berna Mart\u00ednez Romero","sameAs":["https:\/\/www.facebook.com\/berna.martinezromero"],"url":"https:\/\/carnavaldemiguelturra.es\/en\/author\/berna\/"}]}},"_links":{"self":[{"href":"https:\/\/carnavaldemiguelturra.es\/en\/wp-json\/wp\/v2\/posts\/81989","targetHints":{"allow":["GET"]}}],"collection":[{"href":"https:\/\/carnavaldemiguelturra.es\/en\/wp-json\/wp\/v2\/posts"}],"about":[{"href":"https:\/\/carnavaldemiguelturra.es\/en\/wp-json\/wp\/v2\/types\/post"}],"author":[{"embeddable":true,"href":"https:\/\/carnavaldemiguelturra.es\/en\/wp-json\/wp\/v2\/users\/2"}],"replies":[{"embeddable":true,"href":"https:\/\/carnavaldemiguelturra.es\/en\/wp-json\/wp\/v2\/comments?post=81989"}],"version-history":[{"count":3,"href":"https:\/\/carnavaldemiguelturra.es\/en\/wp-json\/wp\/v2\/posts\/81989\/revisions"}],"predecessor-version":[{"id":81993,"href":"https:\/\/carnavaldemiguelturra.es\/en\/wp-json\/wp\/v2\/posts\/81989\/revisions\/81993"}],"wp:featuredmedia":[{"embeddable":true,"href":"https:\/\/carnavaldemiguelturra.es\/en\/wp-json\/wp\/v2\/media\/81980"}],"wp:attachment":[{"href":"https:\/\/carnavaldemiguelturra.es\/en\/wp-json\/wp\/v2\/media?parent=81989"}],"wp:term":[{"taxonomy":"category","embeddable":true,"href":"https:\/\/carnavaldemiguelturra.es\/en\/wp-json\/wp\/v2\/categories?post=81989"},{"taxonomy":"post_tag","embeddable":true,"href":"https:\/\/carnavaldemiguelturra.es\/en\/wp-json\/wp\/v2\/tags?post=81989"}],"curies":[{"name":"wp","href":"https:\/\/api.w.org\/{rel}","templated":true}]}}